{"id":75561,"date":"2016-06-07T14:37:41","date_gmt":"2016-06-07T11:37:41","guid":{"rendered":"http:\/\/www.sana.sy\/tr\/?p=75561"},"modified":"2016-06-07T14:42:57","modified_gmt":"2016-06-07T11:42:57","slug":"el-esad-suriye-halkinin-tum-bilesenlerinin-yasam-ve-sehitlikte-kardes-oldugunu-hic-biri-arasinda-herhangi-bir-farkin-bulunmadigini-soyledi","status":"publish","type":"post","link":"https:\/\/archive.sana.sy\/tr\/?p=75561","title":{"rendered":"El Esad Suriye halk\u0131n\u0131n t\u00fcm bile\u015fenlerinin ya\u015fam ve \u015fehitlikte karde\u015f oldu\u011funu, hi\u00e7 biri aras\u0131nda herhangi bir fark\u0131n bulunmad\u0131\u011f\u0131n\u0131 s\u00f6yledi"},"content":{"rendered":"<p>El Esad Suriye halk\u0131n\u0131n t\u00fcm bile\u015fenlerinin ya\u015fam ve \u015fehitlikte karde\u015f oldu\u011funu, hi\u00e7 biri aras\u0131nda herhangi bir fark\u0131n bulunmad\u0131\u011f\u0131n\u0131 s\u00f6yledi<\/p>\n","protected":false},"excerpt":{"rendered":"<p>El Esad Suriye halk\u0131n\u0131n t\u00fcm bile\u015fenlerinin ya\u015fam ve \u015fehitlikte karde\u015f oldu\u011funu, hi\u00e7 biri aras\u0131nda herhangi bir fark\u0131n bulunmad\u0131\u011f\u0131n\u0131 s\u00f6yledi<\/p>\n","protected":false},"author":1,"featured_media":0,"comment_status":"closed","ping_status":"closed","sticky":false,"template":"","format":"standard","meta":{"footnotes":""},"categories":[17991],"tags":[],"class_list":["post-75561","post","type-post","status-publish","format-standard","","category-son-dakika"],"_links":{"self":[{"href":"https:\/\/archive.sana.sy\/tr\/index.php?rest_route=\/wp\/v2\/posts\/75561","targetHints":{"allow":["GET"]}}],"collection":[{"href":"https:\/\/archive.sana.sy\/tr\/index.php?rest_route=\/wp\/v2\/posts"}],"about":[{"href":"https:\/\/archive.sana.sy\/tr\/index.php?rest_route=\/wp\/v2\/types\/post"}],"author":[{"embeddable":true,"href":"https:\/\/archive.sana.sy\/tr\/index.php?rest_route=\/wp\/v2\/users\/1"}],"replies":[{"embeddable":true,"href":"https:\/\/archive.sana.sy\/tr\/index.php?rest_route=%2Fwp%2Fv2%2Fcomments&post=75561"}],"version-history":[{"count":0,"href":"https:\/\/archive.sana.sy\/tr\/index.php?rest_route=\/wp\/v2\/posts\/75561\/revisions"}],"wp:attachment":[{"href":"https:\/\/archive.sana.sy\/tr\/index.php?rest_route=%2Fwp%2Fv2%2Fmedia&parent=75561"}],"wp:term":[{"taxonomy":"category","embeddable":true,"href":"https:\/\/archive.sana.sy\/tr\/index.php?rest_route=%2Fwp%2Fv2%2Fcategories&post=75561"},{"taxonomy":"post_tag","embeddable":true,"href":"https:\/\/archive.sana.sy\/tr\/index.php?rest_route=%2Fwp%2Fv2%2Ftags&post=75561"}],"curies":[{"name":"wp","href":"https:\/\/api.w.org\/{rel}","templated":true}]}}