{"id":75576,"date":"2016-06-07T14:42:36","date_gmt":"2016-06-07T11:42:36","guid":{"rendered":"http:\/\/www.sana.sy\/tr\/?p=75576"},"modified":"2016-06-07T15:01:05","modified_gmt":"2016-06-07T12:01:05","slug":"el-esad-suriyenin-terore-karsi-savasini-savastan-hoslandigi-yada-savas-hobisi-oldugundan-dolayi-degil-de-kendisine-ve-halkina-savasin-dayatilmasindan-dolayi-savasmaya-devam-edeceginin-altini-cizdi","status":"publish","type":"post","link":"https:\/\/archive.sana.sy\/tr\/?p=75576","title":{"rendered":"El Esad Suriye&#8217;nin ter\u00f6re kar\u015f\u0131 sava\u015f\u0131n\u0131 sava\u015ftan ho\u015fland\u0131\u011f\u0131 yada sava\u015f hobisi oldu\u011fundan dolay\u0131 de\u011fil de kendisine ve halk\u0131na sava\u015f\u0131n dayat\u0131lmas\u0131ndan dolay\u0131 sava\u015fmaya devam edece\u011finin alt\u0131n\u0131 \u00e7izdi."},"content":{"rendered":"<p>El Esad Suriye&#8217;nin ter\u00f6re kar\u015f\u0131 sava\u015f\u0131n\u0131 sava\u015ftan ho\u015fland\u0131\u011f\u0131 yada sava\u015f hobisi oldu\u011fundan dolay\u0131 de\u011fil de kendisine ve halk\u0131na sava\u015f\u0131n dayat\u0131lmas\u0131ndan dolay\u0131 sava\u015fmaya devam edece\u011finin alt\u0131n\u0131 \u00e7izdi.<\/p>\n","protected":false},"excerpt":{"rendered":"<p>El Esad Suriye&#8217;nin ter\u00f6re kar\u015f\u0131 sava\u015f\u0131n\u0131 sava\u015ftan ho\u015fland\u0131\u011f\u0131 yada sava\u015f hobisi oldu\u011fundan dolay\u0131 de\u011fil de kendisine ve halk\u0131na sava\u015f\u0131n dayat\u0131lmas\u0131ndan dolay\u0131 sava\u015fmaya devam edece\u011finin alt\u0131n\u0131 \u00e7izdi.<\/p>\n","protected":false},"author":1,"featured_media":0,"comment_status":"closed","ping_status":"closed","sticky":false,"template":"","format":"standard","meta":{"footnotes":""},"categories":[17991],"tags":[],"class_list":["post-75576","post","type-post","status-publish","format-standard","","category-son-dakika"],"_links":{"self":[{"href":"https:\/\/archive.sana.sy\/tr\/index.php?rest_route=\/wp\/v2\/posts\/75576","targetHints":{"allow":["GET"]}}],"collection":[{"href":"https:\/\/archive.sana.sy\/tr\/index.php?rest_route=\/wp\/v2\/posts"}],"about":[{"href":"https:\/\/archive.sana.sy\/tr\/index.php?rest_route=\/wp\/v2\/types\/post"}],"author":[{"embeddable":true,"href":"https:\/\/archive.sana.sy\/tr\/index.php?rest_route=\/wp\/v2\/users\/1"}],"replies":[{"embeddable":true,"href":"https:\/\/archive.sana.sy\/tr\/index.php?rest_route=%2Fwp%2Fv2%2Fcomments&post=75576"}],"version-history":[{"count":0,"href":"https:\/\/archive.sana.sy\/tr\/index.php?rest_route=\/wp\/v2\/posts\/75576\/revisions"}],"wp:attachment":[{"href":"https:\/\/archive.sana.sy\/tr\/index.php?rest_route=%2Fwp%2Fv2%2Fmedia&parent=75576"}],"wp:term":[{"taxonomy":"category","embeddable":true,"href":"https:\/\/archive.sana.sy\/tr\/index.php?rest_route=%2Fwp%2Fv2%2Fcategories&post=75576"},{"taxonomy":"post_tag","embeddable":true,"href":"https:\/\/archive.sana.sy\/tr\/index.php?rest_route=%2Fwp%2Fv2%2Ftags&post=75576"}],"curies":[{"name":"wp","href":"https:\/\/api.w.org\/{rel}","templated":true}]}}