{"id":75584,"date":"2016-06-07T14:46:39","date_gmt":"2016-06-07T11:46:39","guid":{"rendered":"http:\/\/www.sana.sy\/tr\/?p=75584"},"modified":"2016-06-07T15:54:34","modified_gmt":"2016-06-07T12:54:34","slug":"cumhurbaskani-el-esad-her-ne-sebepten-dolayi-devlete-karsi-silah-tasiyan-her-vatandasi-yillar-once-baslatilan-ve-son-surec-icinde-ciddi-bir-hiz-kazanan-ulusal-uzlasma-surecine-girmesine-bir-kez-daha","status":"publish","type":"post","link":"https:\/\/archive.sana.sy\/tr\/?p=75584","title":{"rendered":"Cumhurba\u015fkan\u0131 el Esad; her ne sebepten dolay\u0131 devlete kar\u015f\u0131 silah ta\u015f\u0131yan her vatanda\u015f\u0131 y\u0131llar \u00f6nce ba\u015flat\u0131lan ve son s\u00fcre\u00e7 i\u00e7inde ciddi bir h\u0131z kazanan ulusal uzla\u015fma s\u00fcrecine girmesine bir kez daha \u00e7a\u011f\u0131rd\u0131\u011f\u0131n\u0131 ifade etti"},"content":{"rendered":"<p>Cumhurba\u015fkan\u0131 el Esad; her ne sebepten dolay\u0131 devlete kar\u015f\u0131 silah ta\u015f\u0131yan her vatanda\u015f\u0131 y\u0131llar \u00f6nce ba\u015flat\u0131lan ve son s\u00fcre\u00e7 i\u00e7inde ciddi bir h\u0131z kazanan ulusal uzla\u015fma s\u00fcrecine girmesine bir kez daha \u00e7a\u011f\u0131rd\u0131\u011f\u0131n\u0131 ifade etti<\/p>\n","protected":false},"excerpt":{"rendered":"<p>Cumhurba\u015fkan\u0131 el Esad; her ne sebepten dolay\u0131 devlete kar\u015f\u0131 silah ta\u015f\u0131yan her vatanda\u015f\u0131 y\u0131llar \u00f6nce ba\u015flat\u0131lan ve son s\u00fcre\u00e7 i\u00e7inde ciddi bir h\u0131z kazanan ulusal uzla\u015fma s\u00fcrecine girmesine bir kez daha \u00e7a\u011f\u0131rd\u0131\u011f\u0131n\u0131 ifade etti<\/p>\n","protected":false},"author":1,"featured_media":0,"comment_status":"closed","ping_status":"closed","sticky":false,"template":"","format":"standard","meta":{"footnotes":""},"categories":[17991],"tags":[],"class_list":["post-75584","post","type-post","status-publish","format-standard","","category-son-dakika"],"_links":{"self":[{"href":"https:\/\/archive.sana.sy\/tr\/index.php?rest_route=\/wp\/v2\/posts\/75584","targetHints":{"allow":["GET"]}}],"collection":[{"href":"https:\/\/archive.sana.sy\/tr\/index.php?rest_route=\/wp\/v2\/posts"}],"about":[{"href":"https:\/\/archive.sana.sy\/tr\/index.php?rest_route=\/wp\/v2\/types\/post"}],"author":[{"embeddable":true,"href":"https:\/\/archive.sana.sy\/tr\/index.php?rest_route=\/wp\/v2\/users\/1"}],"replies":[{"embeddable":true,"href":"https:\/\/archive.sana.sy\/tr\/index.php?rest_route=%2Fwp%2Fv2%2Fcomments&post=75584"}],"version-history":[{"count":0,"href":"https:\/\/archive.sana.sy\/tr\/index.php?rest_route=\/wp\/v2\/posts\/75584\/revisions"}],"wp:attachment":[{"href":"https:\/\/archive.sana.sy\/tr\/index.php?rest_route=%2Fwp%2Fv2%2Fmedia&parent=75584"}],"wp:term":[{"taxonomy":"category","embeddable":true,"href":"https:\/\/archive.sana.sy\/tr\/index.php?rest_route=%2Fwp%2Fv2%2Fcategories&post=75584"},{"taxonomy":"post_tag","embeddable":true,"href":"https:\/\/archive.sana.sy\/tr\/index.php?rest_route=%2Fwp%2Fv2%2Ftags&post=75584"}],"curies":[{"name":"wp","href":"https:\/\/api.w.org\/{rel}","templated":true}]}}