{"id":75588,"date":"2016-06-07T14:48:46","date_gmt":"2016-06-07T11:48:46","guid":{"rendered":"http:\/\/www.sana.sy\/tr\/?p=75588"},"modified":"2016-06-07T15:54:29","modified_gmt":"2016-06-07T12:54:29","slug":"cokuluslu-tekfirci-terore-karsi-savasinda-suriye-ve-halkina-destek-veren-rusya-iran-cin-ve-daha-baska-devletlere-sukranlarini-ifade-eden-el-esad-suriye-halkini-gercekten-ve-durust-bir-sekilde-deste","status":"publish","type":"post","link":"https:\/\/archive.sana.sy\/tr\/?p=75588","title":{"rendered":"\u00c7okuluslu tekfirci ter\u00f6re kar\u015f\u0131 sava\u015f\u0131nda Suriye ve halk\u0131na destek veren Rusya, \u0130ran, \u00c7in ve daha ba\u015fka devletlere \u015f\u00fckranlar\u0131n\u0131 ifade eden el Esad; Suriye halk\u0131n\u0131 ger\u00e7ekten ve d\u00fcr\u00fcst bir \u015fekilde destekleyen, haktan yana tutum alan ve zalime kar\u015f\u0131 mazlumu savunan bu devletlerin deste\u011fi ile ter\u00f6r\u00fcn yok edilmesinin ka\u00e7\u0131n\u0131lmaz oldu\u011funu ifade etti"},"content":{"rendered":"<p>\u00c7okuluslu tekfirci ter\u00f6re kar\u015f\u0131 sava\u015f\u0131nda Suriye ve halk\u0131na destek veren Rusya, \u0130ran, \u00c7in ve daha ba\u015fka devletlere \u015f\u00fckranlar\u0131n\u0131 ifade eden el Esad; Suriye halk\u0131n\u0131 ger\u00e7ekten ve d\u00fcr\u00fcst bir \u015fekilde destekleyen, haktan yana tutum alan ve zalime kar\u015f\u0131 mazlumu savunan bu devletlerin deste\u011fi ile ter\u00f6r\u00fcn yok edilmesinin ka\u00e7\u0131n\u0131lmaz oldu\u011funu ifade etti<\/p>\n","protected":false},"excerpt":{"rendered":"<p>\u00c7okuluslu tekfirci ter\u00f6re kar\u015f\u0131 sava\u015f\u0131nda Suriye ve halk\u0131na destek veren Rusya, \u0130ran, \u00c7in ve daha ba\u015fka devletlere \u015f\u00fckranlar\u0131n\u0131 ifade eden el Esad; Suriye halk\u0131n\u0131 ger\u00e7ekten ve d\u00fcr\u00fcst bir \u015fekilde destekleyen, haktan yana tutum alan ve zalime kar\u015f\u0131 mazlumu savunan bu devletlerin deste\u011fi ile ter\u00f6r\u00fcn yok edilmesinin ka\u00e7\u0131n\u0131lmaz oldu\u011funu ifade etti<\/p>\n","protected":false},"author":1,"featured_media":0,"comment_status":"closed","ping_status":"closed","sticky":false,"template":"","format":"standard","meta":{"footnotes":""},"categories":[17991],"tags":[],"class_list":["post-75588","post","type-post","status-publish","format-standard","","category-son-dakika"],"_links":{"self":[{"href":"https:\/\/archive.sana.sy\/tr\/index.php?rest_route=\/wp\/v2\/posts\/75588","targetHints":{"allow":["GET"]}}],"collection":[{"href":"https:\/\/archive.sana.sy\/tr\/index.php?rest_route=\/wp\/v2\/posts"}],"about":[{"href":"https:\/\/archive.sana.sy\/tr\/index.php?rest_route=\/wp\/v2\/types\/post"}],"author":[{"embeddable":true,"href":"https:\/\/archive.sana.sy\/tr\/index.php?rest_route=\/wp\/v2\/users\/1"}],"replies":[{"embeddable":true,"href":"https:\/\/archive.sana.sy\/tr\/index.php?rest_route=%2Fwp%2Fv2%2Fcomments&post=75588"}],"version-history":[{"count":0,"href":"https:\/\/archive.sana.sy\/tr\/index.php?rest_route=\/wp\/v2\/posts\/75588\/revisions"}],"wp:attachment":[{"href":"https:\/\/archive.sana.sy\/tr\/index.php?rest_route=%2Fwp%2Fv2%2Fmedia&parent=75588"}],"wp:term":[{"taxonomy":"category","embeddable":true,"href":"https:\/\/archive.sana.sy\/tr\/index.php?rest_route=%2Fwp%2Fv2%2Fcategories&post=75588"},{"taxonomy":"post_tag","embeddable":true,"href":"https:\/\/archive.sana.sy\/tr\/index.php?rest_route=%2Fwp%2Fv2%2Ftags&post=75588"}],"curies":[{"name":"wp","href":"https:\/\/api.w.org\/{rel}","templated":true}]}}