{"id":75642,"date":"2016-06-07T11:18:57","date_gmt":"2016-06-07T08:18:57","guid":{"rendered":"http:\/\/www.sana.sy\/tr\/?p=75642"},"modified":"2016-06-07T16:19:34","modified_gmt":"2016-06-07T13:19:34","slug":"hama-kirsalinda-ihvanci-erdogan-rejimine-tabi-ahrar-el-sam-islami-hareketi-ve-kaide-orgutunun-suriye-kolu-nusra-cephesine-karsi-nitelikli-operasyonlarini-surduren-ordu-birliklerimiz","status":"publish","type":"post","link":"https:\/\/archive.sana.sy\/tr\/?p=75642","title":{"rendered":"Hama k\u0131rsal\u0131nda ihvanc\u0131 Erdo\u011fan rejimine tabi \u2018Ahrar el \u015eam \u0130slami Hareketi\u2019 ve Kaide \u00f6rg\u00fct\u00fcn\u00fcn Suriye kolu Nusra Cephesine kar\u015f\u0131 nitelikli operasyonlar\u0131n\u0131 s\u00fcrd\u00fcren ordu birliklerimiz; Hama Kentinin yakla\u015f\u0131k 45 km kuzeyine d\u00fc\u015fen At\u015fan Beldesinde en az 18 ter\u00f6risti \u00f6ld\u00fcr\u00fcp 1 komuta karargah\u0131 ve a\u011f\u0131r makineli silahla donat\u0131lm\u0131\u015f 2 arac\u0131 tamam\u0131yla imha etti."},"content":{"rendered":"<p>Hama k\u0131rsal\u0131nda ihvanc\u0131 Erdo\u011fan rejimine tabi \u2018Ahrar el \u015eam \u0130slami Hareketi\u2019 ve Kaide \u00f6rg\u00fct\u00fcn\u00fcn Suriye kolu Nusra Cephesine kar\u015f\u0131 nitelikli operasyonlar\u0131n\u0131 s\u00fcrd\u00fcren ordu birliklerimiz; Hama Kentinin yakla\u015f\u0131k 45 km kuzeyine d\u00fc\u015fen At\u015fan Beldesinde en az 18 ter\u00f6risti \u00f6ld\u00fcr\u00fcp 1 komuta karargah\u0131 ve a\u011f\u0131r makineli silahla donat\u0131lm\u0131\u015f 2 arac\u0131 tamam\u0131yla imha etti.<\/p>\n","protected":false},"excerpt":{"rendered":"<p>Hama k\u0131rsal\u0131nda ihvanc\u0131 Erdo\u011fan rejimine tabi \u2018Ahrar el \u015eam \u0130slami Hareketi\u2019 ve Kaide \u00f6rg\u00fct\u00fcn\u00fcn Suriye kolu Nusra Cephesine kar\u015f\u0131 nitelikli operasyonlar\u0131n\u0131 s\u00fcrd\u00fcren ordu birliklerimiz; Hama Kentinin yakla\u015f\u0131k 45 km kuzeyine d\u00fc\u015fen At\u015fan Beldesinde en az 18 ter\u00f6risti \u00f6ld\u00fcr\u00fcp 1 komuta karargah\u0131 ve a\u011f\u0131r makineli silahla donat\u0131lm\u0131\u015f 2 arac\u0131 tamam\u0131yla imha etti.<\/p>\n","protected":false},"author":1,"featured_media":0,"comment_status":"closed","ping_status":"closed","sticky":false,"template":"","format":"standard","meta":{"footnotes":""},"categories":[17991],"tags":[],"class_list":["post-75642","post","type-post","status-publish","format-standard","","category-son-dakika"],"_links":{"self":[{"href":"https:\/\/archive.sana.sy\/tr\/index.php?rest_route=\/wp\/v2\/posts\/75642","targetHints":{"allow":["GET"]}}],"collection":[{"href":"https:\/\/archive.sana.sy\/tr\/index.php?rest_route=\/wp\/v2\/posts"}],"about":[{"href":"https:\/\/archive.sana.sy\/tr\/index.php?rest_route=\/wp\/v2\/types\/post"}],"author":[{"embeddable":true,"href":"https:\/\/archive.sana.sy\/tr\/index.php?rest_route=\/wp\/v2\/users\/1"}],"replies":[{"embeddable":true,"href":"https:\/\/archive.sana.sy\/tr\/index.php?rest_route=%2Fwp%2Fv2%2Fcomments&post=75642"}],"version-history":[{"count":0,"href":"https:\/\/archive.sana.sy\/tr\/index.php?rest_route=\/wp\/v2\/posts\/75642\/revisions"}],"wp:attachment":[{"href":"https:\/\/archive.sana.sy\/tr\/index.php?rest_route=%2Fwp%2Fv2%2Fmedia&parent=75642"}],"wp:term":[{"taxonomy":"category","embeddable":true,"href":"https:\/\/archive.sana.sy\/tr\/index.php?rest_route=%2Fwp%2Fv2%2Fcategories&post=75642"},{"taxonomy":"post_tag","embeddable":true,"href":"https:\/\/archive.sana.sy\/tr\/index.php?rest_route=%2Fwp%2Fv2%2Ftags&post=75642"}],"curies":[{"name":"wp","href":"https:\/\/api.w.org\/{rel}","templated":true}]}}