{"id":75652,"date":"2016-06-07T16:00:55","date_gmt":"2016-06-07T13:00:55","guid":{"rendered":"http:\/\/sana.sy\/tr\/?p=75652"},"modified":"2016-06-08T11:41:09","modified_gmt":"2016-06-08T08:41:09","slug":"uymayan-sirketlere-bir-ay-kapatma-cezasi","status":"publish","type":"post","link":"https:\/\/archive.sana.sy\/tr\/?p=75652","title":{"rendered":"Uymayan \u015eirketlere Bir Ay Kapatma Cezas\u0131"},"content":{"rendered":"<p>\u015eAM \u2013 Suriye ve halk\u0131n\u0131n maruz kald\u0131\u011f\u0131 ter\u00f6r sava\u015f\u0131na kar\u015f\u0131 m\u00fccadelenin bir y\u00f6n\u00fc olarak lira de\u011ferini koruma ama\u00e7l\u0131 \u00e7abalar\u0131 kapsam\u0131nda Merkez Bankas\u0131 bug\u00fcn; d\u00f6viz piyasas\u0131na ili\u015fkin kanun ve kararlara uymayan \u015firketlere kar\u015f\u0131 icraatlar\u0131n etkin bir \u015fekilde hayata ge\u00e7irilmesi gere\u011fini belirtti.<\/p>\n<p>Banka yay\u0131nlad\u0131\u011f\u0131 b\u00fcltende; karaborsac\u0131 ve f\u0131rsat\u00e7\u0131lar\u0131n \u00f6n\u00fcn\u00fc kesme ama\u00e7l\u0131 olarak d\u00f6viz \u015firketleri ve ofislerine belli bir miktar d\u00f6vizi bankadan sat\u0131n al\u0131p belirlenen fiyat \u00fczerine vatanda\u015flara satma karar\u0131na uymayan d\u00f6viz \u015firketlerine bir ay kapatma cezas\u0131 verilmesi y\u00f6nlendirmelerinde bulundu.<\/p>\n<p>Merkez Bankas\u0131 ge\u00e7en hafta t\u00fcm vatanda\u015flardan d\u00f6viz taleplerini kar\u015f\u0131lamayan \u015firket veya ofisler hakk\u0131nda Merkez Bankas\u0131na \u015fikayet dilek\u00e7eleri takdim etmelerini talep ederken, d\u0131\u015far\u0131dan gelen para havalelerin de Suriye liras\u0131 olarak al\u0131nmas\u0131 gere\u011fini ifade etmi\u015fti.<\/p>\n","protected":false},"excerpt":{"rendered":"<p>\u015eAM \u2013 Suriye ve halk\u0131n\u0131n maruz kald\u0131\u011f\u0131 ter\u00f6r sava\u015f\u0131na kar\u015f\u0131 m\u00fccadelenin bir y\u00f6n\u00fc olarak lira de\u011ferini koruma ama\u00e7l\u0131 \u00e7abalar\u0131 kapsam\u0131nda Merkez Bankas\u0131 bug\u00fcn; d\u00f6viz piyasas\u0131na ili\u015fkin kanun ve kararlara uymayan \u015firketlere kar\u015f\u0131 icraatlar\u0131n etkin bir \u015fekilde hayata ge\u00e7irilmesi gere\u011fini belirtti. Banka yay\u0131nlad\u0131\u011f\u0131 b\u00fcltende; karaborsac\u0131 ve f\u0131rsat\u00e7\u0131lar\u0131n \u00f6n\u00fcn\u00fc kesme ama\u00e7l\u0131 olarak d\u00f6viz \u015firketleri ve ofislerine belli &hellip;<\/p>\n","protected":false},"author":1,"featured_media":75654,"comment_status":"closed","ping_status":"closed","sticky":false,"template":"","format":"standard","meta":{"footnotes":""},"categories":[485,486,17988],"tags":[21630,21631],"class_list":["post-75652","post","type-post","status-publish","format-standard","has-post-thumbnail","","category-is-ve-sermaye","category-haberler-is-ve-sermaye","category-son-haberler","tag-suriye-ve-halkinin-maruz-kaldigi-teror-savasina-karsi-mucadelenin-bir-yonu-olarak-lira-degerini-koruma-amacli-cabalari-kapsaminda-merkez-bankasi-bugun","tag-uymayan-sirketlere-bir-ay-kapatma-cezasi"],"_links":{"self":[{"href":"https:\/\/archive.sana.sy\/tr\/index.php?rest_route=\/wp\/v2\/posts\/75652","targetHints":{"allow":["GET"]}}],"collection":[{"href":"https:\/\/archive.sana.sy\/tr\/index.php?rest_route=\/wp\/v2\/posts"}],"about":[{"href":"https:\/\/archive.sana.sy\/tr\/index.php?rest_route=\/wp\/v2\/types\/post"}],"author":[{"embeddable":true,"href":"https:\/\/archive.sana.sy\/tr\/index.php?rest_route=\/wp\/v2\/users\/1"}],"replies":[{"embeddable":true,"href":"https:\/\/archive.sana.sy\/tr\/index.php?rest_route=%2Fwp%2Fv2%2Fcomments&post=75652"}],"version-history":[{"count":0,"href":"https:\/\/archive.sana.sy\/tr\/index.php?rest_route=\/wp\/v2\/posts\/75652\/revisions"}],"wp:featuredmedia":[{"embeddable":true,"href":"https:\/\/archive.sana.sy\/tr\/index.php?rest_route=\/wp\/v2\/media\/75654"}],"wp:attachment":[{"href":"https:\/\/archive.sana.sy\/tr\/index.php?rest_route=%2Fwp%2Fv2%2Fmedia&parent=75652"}],"wp:term":[{"taxonomy":"category","embeddable":true,"href":"https:\/\/archive.sana.sy\/tr\/index.php?rest_route=%2Fwp%2Fv2%2Fcategories&post=75652"},{"taxonomy":"post_tag","embeddable":true,"href":"https:\/\/archive.sana.sy\/tr\/index.php?rest_route=%2Fwp%2Fv2%2Ftags&post=75652"}],"curies":[{"name":"wp","href":"https:\/\/api.w.org\/{rel}","templated":true}]}}