{"id":75656,"date":"2016-06-07T10:54:53","date_gmt":"2016-06-07T07:54:53","guid":{"rendered":"http:\/\/sana.sy\/tr\/?p=75656"},"modified":"2016-06-08T11:41:36","modified_gmt":"2016-06-08T08:41:36","slug":"insani-yardimlarin-ulasimi-ve-siyasi-surece-katki-saglayacak","status":"publish","type":"post","link":"https:\/\/archive.sana.sy\/tr\/?p=75656","title":{"rendered":"\u0130nsani Yard\u0131mlar\u0131n Ula\u015f\u0131m\u0131 ve Siyasi S\u00fcrece Katk\u0131 Sa\u011flayacak"},"content":{"rendered":"<p>MOSKOVA \u2013 Rusya D\u0131\u015fi\u015fleri Bakan\u0131 Sergey Lavrov ve M\u0131s\u0131r D\u0131\u015fi\u015fleri Bakan\u0131 Samih \u015e\u00fckr\u00fc bug\u00fcn aralar\u0131nda ger\u00e7ekle\u015fen telefon ba\u011flant\u0131s\u0131nda; Suriye&#8217;de Ramazan ay\u0131 boyunca \u00e7at\u0131\u015fmalar\u0131 durdurma anla\u015fmas\u0131na ba\u011fl\u0131 kal\u0131nmas\u0131 gere\u011fini ifade etti.<\/p>\n<p>Rusya D\u0131\u015fi\u015fleri Bakanl\u0131\u011f\u0131 bug\u00fcn yay\u0131nlad\u0131\u011f\u0131 b\u00fcltende Moskova ve Kahire\u2019nin, Suriye&#8217;de \u00e7at\u0131\u015fmalar\u0131 durdurma anla\u015fmas\u0131na ba\u011fl\u0131 kalman\u0131n, insani yard\u0131mlar\u0131n muhtelif b\u00f6lgelere ula\u015f\u0131m\u0131n\u0131 kolayla\u015ft\u0131raca\u011f\u0131 gibi, h\u00fck\u00fcmet ile \u2018muhalefet\u2019 aras\u0131ndaki siyasi diyalogun ilerlemesine de katk\u0131 sa\u011flayaca\u011f\u0131 d\u00fc\u015f\u00fcncesinde olduklar\u0131n\u0131 belirtti.<\/p>\n<p>B\u00fcltende I\u015e\u0130D ve Kaide \u00d6rg\u00fct\u00fcn\u00fcn Suriye kolu Nusra Cephesinin bu anla\u015fmaya dahil olmad\u0131klar\u0131n\u0131n bir kez daha alt\u0131 \u00e7izilirken, bu \u00f6rg\u00fctlere kar\u015f\u0131 sava\u015f\u0131n aral\u0131ks\u0131z s\u00fcrd\u00fcr\u00fclmesi gere\u011fine de vurgu yap\u0131ld\u0131.<\/p>\n","protected":false},"excerpt":{"rendered":"<p>MOSKOVA \u2013 Rusya D\u0131\u015fi\u015fleri Bakan\u0131 Sergey Lavrov ve M\u0131s\u0131r D\u0131\u015fi\u015fleri Bakan\u0131 Samih \u015e\u00fckr\u00fc bug\u00fcn aralar\u0131nda ger\u00e7ekle\u015fen telefon ba\u011flant\u0131s\u0131nda; Suriye&#8217;de Ramazan ay\u0131 boyunca \u00e7at\u0131\u015fmalar\u0131 durdurma anla\u015fmas\u0131na ba\u011fl\u0131 kal\u0131nmas\u0131 gere\u011fini ifade etti. Rusya D\u0131\u015fi\u015fleri Bakanl\u0131\u011f\u0131 bug\u00fcn yay\u0131nlad\u0131\u011f\u0131 b\u00fcltende Moskova ve Kahire\u2019nin, Suriye&#8217;de \u00e7at\u0131\u015fmalar\u0131 durdurma anla\u015fmas\u0131na ba\u011fl\u0131 kalman\u0131n, insani yard\u0131mlar\u0131n muhtelif b\u00f6lgelere ula\u015f\u0131m\u0131n\u0131 kolayla\u015ft\u0131raca\u011f\u0131 gibi, h\u00fck\u00fcmet ile \u2018muhalefet\u2019 &hellip;<\/p>\n","protected":false},"author":1,"featured_media":72621,"comment_status":"closed","ping_status":"closed","sticky":false,"template":"","format":"standard","meta":{"footnotes":""},"categories":[458,459,17988],"tags":[],"class_list":["post-75656","post","type-post","status-publish","format-standard","has-post-thumbnail","","category-dunya1","category-haberler-arap-uluslararasi-politika","category-son-haberler"],"_links":{"self":[{"href":"https:\/\/archive.sana.sy\/tr\/index.php?rest_route=\/wp\/v2\/posts\/75656","targetHints":{"allow":["GET"]}}],"collection":[{"href":"https:\/\/archive.sana.sy\/tr\/index.php?rest_route=\/wp\/v2\/posts"}],"about":[{"href":"https:\/\/archive.sana.sy\/tr\/index.php?rest_route=\/wp\/v2\/types\/post"}],"author":[{"embeddable":true,"href":"https:\/\/archive.sana.sy\/tr\/index.php?rest_route=\/wp\/v2\/users\/1"}],"replies":[{"embeddable":true,"href":"https:\/\/archive.sana.sy\/tr\/index.php?rest_route=%2Fwp%2Fv2%2Fcomments&post=75656"}],"version-history":[{"count":0,"href":"https:\/\/archive.sana.sy\/tr\/index.php?rest_route=\/wp\/v2\/posts\/75656\/revisions"}],"wp:featuredmedia":[{"embeddable":true,"href":"https:\/\/archive.sana.sy\/tr\/index.php?rest_route=\/wp\/v2\/media\/72621"}],"wp:attachment":[{"href":"https:\/\/archive.sana.sy\/tr\/index.php?rest_route=%2Fwp%2Fv2%2Fmedia&parent=75656"}],"wp:term":[{"taxonomy":"category","embeddable":true,"href":"https:\/\/archive.sana.sy\/tr\/index.php?rest_route=%2Fwp%2Fv2%2Fcategories&post=75656"},{"taxonomy":"post_tag","embeddable":true,"href":"https:\/\/archive.sana.sy\/tr\/index.php?rest_route=%2Fwp%2Fv2%2Ftags&post=75656"}],"curies":[{"name":"wp","href":"https:\/\/api.w.org\/{rel}","templated":true}]}}