{"id":7566,"date":"2014-08-19T09:16:39","date_gmt":"2014-08-19T06:16:39","guid":{"rendered":"http:\/\/www.sana.sy\/tr\/?p=7566"},"modified":"2014-08-19T12:39:34","modified_gmt":"2014-08-19T09:39:34","slug":"ordu-basarili-operasyonlarini-surduruyor","status":"publish","type":"post","link":"https:\/\/archive.sana.sy\/tr\/?p=7566","title":{"rendered":"Ordu Ba\u015far\u0131l\u0131 Operasyonlar\u0131n\u0131 S\u00fcrd\u00fcr\u00fcyor"},"content":{"rendered":"<p>\u0130LLER \u2013 Kahraman ordu birliklerimiz s\u0131cak b\u00f6lgelerde ter\u00f6ristlere y\u00f6nelik d\u00fczenledikleri operasyonlarda \u00e7ok say\u0131da ter\u00f6risti \u00f6l\u00fc ve yaral\u0131 d\u00fc\u015f\u00fcrerek ellerindeki silah ve cephaneyi imha etti, ter\u00f6ristlerin g\u00fcvenli b\u00f6lgelere ve askeri kontrol noktalar\u0131na sald\u0131r\u0131 giri\u015fimlerini \u00e7\u00f6kertti.<\/p>\n<p><span style=\"color: #0000ff\">\u015eam K\u0131rsal\u0131nda Ter\u00f6ristlerin S\u0131zma Giri\u015fimleri \u00c7\u00f6kertildi<\/span><\/p>\n<p><span style=\"color: #000000\">Askeri kaynak, ordu birliklerimizin \u015eam K\u0131rsal\u0131nda ter\u00f6ristlerin el Madahha b\u00f6lgesinde bulunan askeri kontrol noktas\u0131na s\u0131zma giri\u015fimlerini \u00e7\u00f6kertti.<\/span><\/p>\n<p><span style=\"color: #000000\">Birliklerimiz Han el \u015eih \u00e7iftliklerinde de ter\u00f6ristlerin bir toplanma merkezlerini hedef almas\u0131 sonucunda baz\u0131 ter\u00f6ristleri \u00f6l\u00fc ve yaral\u0131 d\u00fc\u015f\u00fcrd\u00fc.<\/span><\/p>\n<p><span style=\"color: #0000ff\">Kunaytra K\u0131rsal\u0131nda Bir Ter\u00f6r H\u00fccresi \u00c7\u00f6kertildi<\/span><\/p>\n<p>Kaynak, ordu birliklerimizin Kunaytra k\u0131rsal\u0131nda Hicce Beldesinde ter\u00f6ristlerin a\u011f\u0131r taramal\u0131 silahla donat\u0131lm\u0131\u015f bir ara\u00e7lar\u0131n\u0131 imha etti\u011fini, Cerime K\u00f6y\u00fcnde bir toplanma merkezlerini hedef ald\u0131\u011f\u0131n\u0131, Ayn el Bayda\u2019dan el Emel \u00c7iftliklerine do\u011fru s\u0131zma giri\u015fimlerini de \u00e7\u00f6kerttiklerini s\u00f6z konusu operasyonlarda \u00e7ok say\u0131da ter\u00f6ristin \u00f6l\u00fc ve yaral\u0131 d\u00fc\u015f\u00fcr\u00fcld\u00fc\u011f\u00fcn\u00fc s\u00f6yledi.<\/p>\n<p><span style=\"color: #0000ff\">Halep K\u0131rsal\u0131nda \u00c7ok Say\u0131da Ter\u00f6rist \u00d6ld\u00fcr\u00fcld\u00fc<\/span><\/p>\n<p>Askeri kaynak a\u00e7\u0131klamas\u0131nda, ordu birliklerimizin Halep ve k\u0131rsal\u0131n\u0131n el \u015eukayf b\u00f6lgesinde ter\u00f6rist ve cephane dolu bir ara\u00e7lar\u0131n\u0131 etkisiz hale getirdi\u011fini, Anadan, Zirbe, Dab\u0131k, Er\u015faf, Menbic, Abla, Barih, Haydariye, el Hac K\u00f6pr\u00fcs\u00fc, Eski Halep ve Han Tuman\u2019da \u00e7ok say\u0131da ter\u00f6risti \u00f6l\u00fc ve yaral\u0131 d\u00fc\u015f\u00fcrd\u00fcklerini \u00e7ok say\u0131da ara\u00e7lar\u0131n\u0131 da imha ettiklerini belirtti.<\/p>\n<p><span style=\"color: #0000ff\">Homs K\u0131rsal\u0131nda Ter\u00f6ristlerin S\u0131zma Giri\u015fimleri \u00c7\u00f6kertildi<\/span><\/p>\n<p>Ordu birliklerimiz Homs do\u011fu k\u0131rsal\u0131nda ter\u00f6ristlerin Rahum ve Abu Havadit K\u00f6ylerinden Mekser el Hisan K\u00f6y\u00fcne s\u0131zma giri\u015fimlerini \u00e7\u00f6kerttiklerini belirtti.\u00a0Kaynak, operasyonda \u00e7ok say\u0131da ter\u00f6ristin \u00f6l\u00fc ve yaral\u0131 d\u00fc\u015f\u00fcr\u00fcld\u00fc\u011f\u00fcn\u00fc ifade etti.<\/p>\n<p>Homs k\u0131rsal\u0131n\u0131n Cabburin \u2013 Um \u015ear\u015fuh ekseninin Vaira ile Gacar K\u00f6y\u00fc aras\u0131nda \u00e7ok say\u0131da ter\u00f6risti \u00f6l\u00fc yaral\u0131 d\u00fc\u015f\u00fcrd\u00fcklerini aktaran kaynak; Tel Ebu El Senasil B\u00f6lgesinde a\u011f\u0131r makineli silahla donat\u0131lm\u0131\u015f bir ara\u00e7lar\u0131n\u0131 imha ettiklerini belirtti.<\/p>\n<p>Kaynak Teldo ve Resten\u2019nin bir dizi b\u00f6lgelerinde ter\u00f6ristlerin ara\u00e7 ve yuvalar\u0131yla hedef al\u0131nd\u0131klar\u0131n\u0131 ifade ederken, onlarca ter\u00f6ristin \u00f6l\u00fc yaral\u0131 d\u00fc\u015f\u00fcr\u00fcld\u00fc\u011f\u00fcn\u00fc s\u00f6yledi.<\/p>\n<p><span style=\"color: #0000ff\">\u0130dlib K\u0131rsal\u0131nda K\u00fcmelenme Yerleri ve Ara\u00e7lar\u0131 \u0130mha Edildi<\/span><\/p>\n<p>Askeri kaynak ordu birliklerimizin \u0130dlib k\u0131rsal\u0131nda Arbain Da\u011f\u0131 civar\u0131, Kmeynas, Ebu el Zuhur ve Tel Selmo b\u00f6lgelerinde ter\u00f6ristlerin yuva ve karargahlar\u0131n\u0131 muhtevalar\u0131yla imha ettiklerini belirtti.\u00a0Kaynak operasyonlarda aralar\u0131nda yabanc\u0131lar\u0131n bulundu\u011fu y\u00fcksek say\u0131da ter\u00f6ristin a\u011f\u0131r makineli silahlar\u0131 ve ara\u00e7lar\u0131yla etkisiz hale getirildiklerini s\u00f6yledi.<\/p>\n<p>\u0130dlib k\u0131rsal\u0131n\u0131n Rami, Kafar Roma ve Bara\u011fiyti b\u00f6lgelerinde ter\u00f6ristlerin toplanma yerlerini hedef alan ordu birliklerimiz \u00e7ok say\u0131da ter\u00f6risti su\u00e7 edatlar\u0131yla birlikte etkisiz hale getirdi.<\/p>\n<p><span style=\"color: #0000ff\">Dera ve K\u0131rsal\u0131nda Ter\u00f6ristlere A\u011f\u0131r Darbe<\/span><\/p>\n<p>Ordu ve silahl\u0131 kuvvetlerimize tabi ordu birlikleri Dera k\u0131rsal\u0131nda ter\u00f6ristlerin Semlin\u2019den Cidya\u2019ya do\u011fru s\u0131zma giri\u015fimlerini \u00e7\u00f6kerterek Yaduda, \u015eeyh Saad, Neva ve Anhel\u2019de ter\u00f6ristleri a\u011f\u0131r kay\u0131plara u\u011fratt\u0131.<\/p>\n<p>Askeri kaynak, ordu birliklerimizin Dera k\u0131rsal\u0131nda biri Lucat B\u00f6lgesinin Abu Hevar m\u0131nt\u0131kas\u0131nda ter\u00f6rist ta\u015f\u0131yan bir ara\u00e7 di\u011feriyse Um Osac\u2019\u0131n do\u011fusunda ter\u00f6rist ta\u015f\u0131yan ara\u00e7 ve motosikletleri imha ederek \u00e7ok say\u0131da ter\u00f6risti \u00f6l\u00fc ve yaral\u0131 d\u00fc\u015f\u00fcrd\u00fc.<\/p>\n<p>\u00d6te yandan askeri birliklerimiz Dera Beled\u2019te el Benin okulu yak\u0131nlar\u0131nda ter\u00f6rist eleba\u015flar\u0131n\u0131n bulundu\u011fu bir ter\u00f6r h\u00fccresini hedef almas\u0131 sonucunda baz\u0131 ter\u00f6ristleri \u00f6l\u00fc ve yaral\u0131 d\u00fc\u015f\u00fcrd\u00fc.<\/p>\n<p>&nbsp;<\/p>\n","protected":false},"excerpt":{"rendered":"<p>\u0130LLER \u2013 Kahraman ordu birliklerimiz s\u0131cak b\u00f6lgelerde ter\u00f6ristlere y\u00f6nelik d\u00fczenledikleri operasyonlarda \u00e7ok say\u0131da ter\u00f6risti \u00f6l\u00fc ve yaral\u0131 d\u00fc\u015f\u00fcrerek ellerindeki silah ve cephaneyi imha etti, ter\u00f6ristlerin g\u00fcvenli b\u00f6lgelere ve askeri kontrol noktalar\u0131na sald\u0131r\u0131 giri\u015fimlerini \u00e7\u00f6kertti. \u015eam K\u0131rsal\u0131nda Ter\u00f6ristlerin S\u0131zma Giri\u015fimleri \u00c7\u00f6kertildi Askeri kaynak, ordu birliklerimizin \u015eam K\u0131rsal\u0131nda ter\u00f6ristlerin el Madahha b\u00f6lgesinde bulunan askeri kontrol noktas\u0131na s\u0131zma &hellip;<\/p>\n","protected":false},"author":1,"featured_media":7622,"comment_status":"closed","ping_status":"closed","sticky":false,"template":"","format":"standard","meta":{"footnotes":""},"categories":[575],"tags":[1686],"class_list":["post-7566","post","type-post","status-publish","format-standard","has-post-thumbnail","","category-olaylar-ve-gercekler","tag-ordu-basarili-operasyonlarini-surduruyor"],"_links":{"self":[{"href":"https:\/\/archive.sana.sy\/tr\/index.php?rest_route=\/wp\/v2\/posts\/7566","targetHints":{"allow":["GET"]}}],"collection":[{"href":"https:\/\/archive.sana.sy\/tr\/index.php?rest_route=\/wp\/v2\/posts"}],"about":[{"href":"https:\/\/archive.sana.sy\/tr\/index.php?rest_route=\/wp\/v2\/types\/post"}],"author":[{"embeddable":true,"href":"https:\/\/archive.sana.sy\/tr\/index.php?rest_route=\/wp\/v2\/users\/1"}],"replies":[{"embeddable":true,"href":"https:\/\/archive.sana.sy\/tr\/index.php?rest_route=%2Fwp%2Fv2%2Fcomments&post=7566"}],"version-history":[{"count":0,"href":"https:\/\/archive.sana.sy\/tr\/index.php?rest_route=\/wp\/v2\/posts\/7566\/revisions"}],"wp:featuredmedia":[{"embeddable":true,"href":"https:\/\/archive.sana.sy\/tr\/index.php?rest_route=\/wp\/v2\/media\/7622"}],"wp:attachment":[{"href":"https:\/\/archive.sana.sy\/tr\/index.php?rest_route=%2Fwp%2Fv2%2Fmedia&parent=7566"}],"wp:term":[{"taxonomy":"category","embeddable":true,"href":"https:\/\/archive.sana.sy\/tr\/index.php?rest_route=%2Fwp%2Fv2%2Fcategories&post=7566"},{"taxonomy":"post_tag","embeddable":true,"href":"https:\/\/archive.sana.sy\/tr\/index.php?rest_route=%2Fwp%2Fv2%2Ftags&post=7566"}],"curies":[{"name":"wp","href":"https:\/\/api.w.org\/{rel}","templated":true}]}}