{"id":75669,"date":"2016-06-07T22:21:24","date_gmt":"2016-06-07T19:21:24","guid":{"rendered":"http:\/\/sana.sy\/tr\/?p=75669"},"modified":"2016-06-08T14:20:42","modified_gmt":"2016-06-08T11:20:42","slug":"tibbi-yardim-tasiyan-cek-ucagi-sam-havaalanina-ulastivideo","status":"publish","type":"post","link":"https:\/\/archive.sana.sy\/tr\/?p=75669","title":{"rendered":"T\u0131bbi Yard\u0131m Ta\u015f\u0131yan \u00c7ek U\u00e7a\u011f\u0131 \u015eam Havaalan\u0131na Ula\u015ft\u0131(video)"},"content":{"rendered":"<p>\u015eAM \u2013 \u00c7ek Cumhuriyeti K\u0131z\u0131lha\u00e7 \u00d6rg\u00fct\u00fc taraf\u0131ndan Suriye K\u0131z\u0131lay \u00d6rg\u00fct\u00fcne g\u00f6nderilen t\u0131bbi yard\u0131m ta\u015f\u0131yan \u00c7ek Cumhuriyeti u\u00e7a\u011f\u0131 bu\u00a0ak\u015fam \u015eam Havaalan\u0131na ula\u015ft\u0131.<\/p>\n<p>U\u00e7a\u011f\u0131 ve u\u00e7akla birlikte gelen heyeti kar\u015f\u0131layan D\u0131\u015fi\u015fleri ve Gurbet\u00e7iler Bakan\u0131 Yard\u0131mc\u0131s\u0131 Eymen Savsan, heyete Suriye iktidar\u0131, h\u00fck\u00fcmeti ve halk\u0131 ad\u0131na te\u015fekk\u00fcr ve takdirlerini dile getirdi.<\/p>\n<p>\u00c7ek Cumhuriyeti t\u0131bbi yard\u0131m u\u00e7a\u011f\u0131n\u0131n \u015eam\u2019a ula\u015fmas\u0131n\u0131n iki \u00fclke ve halk aras\u0131ndaki dostlu\u011fun g\u00fcc\u00fcn\u00fc yeniden kan\u0131tlad\u0131\u011f\u0131na i\u015faret eden Savsan; \u00c7ek Cumhuriyetinin Suriye\u2019ye dayat\u0131lan gayr\u0131 me\u015fru yapt\u0131r\u0131mlar ve zul\u00fcm kar\u015f\u0131s\u0131nda net ve tek tarafl\u0131 tutumunun sayg\u0131 ve takdire \u015fayan oldu\u011funu belirtti.<\/p>\n<p>Di\u011fer taraftan \u00c7ek Cumhuriyeti D\u0131\u015fi\u015fleri Bakanl\u0131\u011f\u0131nda Ortado\u011fu Dairesi M\u00fcd\u00fcr\u00fc BavelKilutski, t\u0131bbi yard\u0131m u\u00e7a\u011f\u0131n\u0131n \u015eam\u2019a ula\u015fmas\u0131 i\u00e7in \u00e7aba harcayan \u00c7ekli ve Suriyeli yetkililere te\u015fekk\u00fcrlerini sunarak \u00c7ek Cumhuriyetinin, Suriye\u2019de krizin sona ermesi ve ihtiya\u00e7 sahibi b\u00fct\u00fcn Suriyelilere insani yard\u0131m ula\u015ft\u0131r\u0131lmas\u0131 konusuna \u00f6ncelik ve \u00f6nem verdi\u011fini belirtti.<\/p>\n<p>\u00c7ek K\u0131z\u0131lha\u00e7 \u00d6rg\u00fct\u00fcn\u00fc Suriye Arap K\u0131z\u0131lay \u00d6rg\u00fct\u00fcne sundu\u011fu t\u0131bbi yard\u0131mlar\u0131 ta\u015f\u0131yan u\u00e7a\u011f\u0131n kar\u015f\u0131layanlar aras\u0131nda Suriye Arap K\u0131z\u0131lay \u00d6rg\u00fct\u00fc ba\u015fkan\u0131\u00a0 Abdurrahman el Attar da yer alarak \u00c7ek Cumhuriyeti H\u00fck\u00fcmeti ve halk\u0131na yard\u0131mlar\u0131ndan dolay\u0131 te\u015fekk\u00fcrlerini sundu.<\/p>\n<div id='gallery-1' class='gallery galleryid-75669 gallery-columns-3 gallery-size-medium'><figure class='gallery-item'>\n\t\t\t<div class='gallery-icon landscape'>\n\t\t\t\t<a href='https:\/\/archive.sana.sy\/tr\/wp-content\/uploads\/2016\/06\/1-21.jpg'><img loading=\"lazy\" decoding=\"async\" width=\"300\" height=\"200\" src=\"https:\/\/archive.sana.sy\/tr\/wp-content\/uploads\/2016\/06\/1-21-300x200.jpg\" class=\"attachment-medium size-medium\" alt=\"\" srcset=\"https:\/\/archive.sana.sy\/tr\/wp-content\/uploads\/2016\/06\/1-21-300x200.jpg 300w, https:\/\/archive.sana.sy\/tr\/wp-content\/uploads\/2016\/06\/1-21-150x100.jpg 150w, https:\/\/archive.sana.sy\/tr\/wp-content\/uploads\/2016\/06\/1-21-768x512.jpg 768w, https:\/\/archive.sana.sy\/tr\/wp-content\/uploads\/2016\/06\/1-21-1024x683.jpg 1024w\" sizes=\"auto, (max-width: 300px) 100vw, 300px\" \/><\/a>\n\t\t\t<\/div><\/figure><figure class='gallery-item'>\n\t\t\t<div class='gallery-icon landscape'>\n\t\t\t\t<a href='https:\/\/archive.sana.sy\/tr\/wp-content\/uploads\/2016\/06\/2-11.jpg'><img loading=\"lazy\" decoding=\"async\" width=\"300\" height=\"200\" src=\"https:\/\/archive.sana.sy\/tr\/wp-content\/uploads\/2016\/06\/2-11-300x200.jpg\" class=\"attachment-medium size-medium\" alt=\"\" srcset=\"https:\/\/archive.sana.sy\/tr\/wp-content\/uploads\/2016\/06\/2-11-300x200.jpg 300w, https:\/\/archive.sana.sy\/tr\/wp-content\/uploads\/2016\/06\/2-11-150x100.jpg 150w, https:\/\/archive.sana.sy\/tr\/wp-content\/uploads\/2016\/06\/2-11-768x512.jpg 768w, https:\/\/archive.sana.sy\/tr\/wp-content\/uploads\/2016\/06\/2-11-1024x683.jpg 1024w\" sizes=\"auto, (max-width: 300px) 100vw, 300px\" \/><\/a>\n\t\t\t<\/div><\/figure><figure class='gallery-item'>\n\t\t\t<div class='gallery-icon landscape'>\n\t\t\t\t<a href='https:\/\/archive.sana.sy\/tr\/wp-content\/uploads\/2016\/06\/3-8.jpg'><img loading=\"lazy\" decoding=\"async\" width=\"300\" height=\"200\" src=\"https:\/\/archive.sana.sy\/tr\/wp-content\/uploads\/2016\/06\/3-8-300x200.jpg\" class=\"attachment-medium size-medium\" alt=\"\" srcset=\"https:\/\/archive.sana.sy\/tr\/wp-content\/uploads\/2016\/06\/3-8-300x200.jpg 300w, https:\/\/archive.sana.sy\/tr\/wp-content\/uploads\/2016\/06\/3-8-150x100.jpg 150w, https:\/\/archive.sana.sy\/tr\/wp-content\/uploads\/2016\/06\/3-8-768x512.jpg 768w, https:\/\/archive.sana.sy\/tr\/wp-content\/uploads\/2016\/06\/3-8-1024x683.jpg 1024w\" sizes=\"auto, (max-width: 300px) 100vw, 300px\" \/><\/a>\n\t\t\t<\/div><\/figure><figure class='gallery-item'>\n\t\t\t<div class='gallery-icon landscape'>\n\t\t\t\t<a href='https:\/\/archive.sana.sy\/tr\/wp-content\/uploads\/2016\/06\/4-10.jpg'><img loading=\"lazy\" decoding=\"async\" width=\"300\" height=\"200\" src=\"https:\/\/archive.sana.sy\/tr\/wp-content\/uploads\/2016\/06\/4-10-300x200.jpg\" class=\"attachment-medium size-medium\" alt=\"\" srcset=\"https:\/\/archive.sana.sy\/tr\/wp-content\/uploads\/2016\/06\/4-10-300x200.jpg 300w, https:\/\/archive.sana.sy\/tr\/wp-content\/uploads\/2016\/06\/4-10-150x100.jpg 150w, https:\/\/archive.sana.sy\/tr\/wp-content\/uploads\/2016\/06\/4-10-768x512.jpg 768w, https:\/\/archive.sana.sy\/tr\/wp-content\/uploads\/2016\/06\/4-10-1024x683.jpg 1024w\" sizes=\"auto, (max-width: 300px) 100vw, 300px\" \/><\/a>\n\t\t\t<\/div><\/figure><figure class='gallery-item'>\n\t\t\t<div class='gallery-icon landscape'>\n\t\t\t\t<a href='https:\/\/archive.sana.sy\/tr\/wp-content\/uploads\/2016\/06\/5-9.jpg'><img loading=\"lazy\" decoding=\"async\" width=\"300\" height=\"200\" src=\"https:\/\/archive.sana.sy\/tr\/wp-content\/uploads\/2016\/06\/5-9-300x200.jpg\" class=\"attachment-medium size-medium\" alt=\"\" srcset=\"https:\/\/archive.sana.sy\/tr\/wp-content\/uploads\/2016\/06\/5-9-300x200.jpg 300w, https:\/\/archive.sana.sy\/tr\/wp-content\/uploads\/2016\/06\/5-9-150x100.jpg 150w, https:\/\/archive.sana.sy\/tr\/wp-content\/uploads\/2016\/06\/5-9-768x512.jpg 768w, https:\/\/archive.sana.sy\/tr\/wp-content\/uploads\/2016\/06\/5-9-1024x683.jpg 1024w\" sizes=\"auto, (max-width: 300px) 100vw, 300px\" \/><\/a>\n\t\t\t<\/div><\/figure><figure class='gallery-item'>\n\t\t\t<div class='gallery-icon landscape'>\n\t\t\t\t<a href='https:\/\/archive.sana.sy\/tr\/wp-content\/uploads\/2016\/06\/6-8.jpg'><img loading=\"lazy\" decoding=\"async\" width=\"300\" height=\"189\" src=\"https:\/\/archive.sana.sy\/tr\/wp-content\/uploads\/2016\/06\/6-8-300x189.jpg\" class=\"attachment-medium size-medium\" alt=\"\" srcset=\"https:\/\/archive.sana.sy\/tr\/wp-content\/uploads\/2016\/06\/6-8-300x189.jpg 300w, https:\/\/archive.sana.sy\/tr\/wp-content\/uploads\/2016\/06\/6-8-150x95.jpg 150w, https:\/\/archive.sana.sy\/tr\/wp-content\/uploads\/2016\/06\/6-8-768x485.jpg 768w, https:\/\/archive.sana.sy\/tr\/wp-content\/uploads\/2016\/06\/6-8-1024x646.jpg 1024w, https:\/\/archive.sana.sy\/tr\/wp-content\/uploads\/2016\/06\/6-8.jpg 1084w\" sizes=\"auto, (max-width: 300px) 100vw, 300px\" \/><\/a>\n\t\t\t<\/div><\/figure>\n\t\t<\/div>\n\n<p>https:\/\/youtu.be\/PSg4-queSWo<\/p>\n<p>F.B. &#8211; R.H.<\/p>\n","protected":false},"excerpt":{"rendered":"<p>\u015eAM \u2013 \u00c7ek Cumhuriyeti K\u0131z\u0131lha\u00e7 \u00d6rg\u00fct\u00fc taraf\u0131ndan Suriye K\u0131z\u0131lay \u00d6rg\u00fct\u00fcne g\u00f6nderilen t\u0131bbi yard\u0131m ta\u015f\u0131yan \u00c7ek Cumhuriyeti u\u00e7a\u011f\u0131 bu\u00a0ak\u015fam \u015eam Havaalan\u0131na ula\u015ft\u0131. U\u00e7a\u011f\u0131 ve u\u00e7akla birlikte gelen heyeti kar\u015f\u0131layan D\u0131\u015fi\u015fleri ve Gurbet\u00e7iler Bakan\u0131 Yard\u0131mc\u0131s\u0131 Eymen Savsan, heyete Suriye iktidar\u0131, h\u00fck\u00fcmeti ve halk\u0131 ad\u0131na te\u015fekk\u00fcr ve takdirlerini dile getirdi. \u00c7ek Cumhuriyeti t\u0131bbi yard\u0131m u\u00e7a\u011f\u0131n\u0131n \u015eam\u2019a ula\u015fmas\u0131n\u0131n iki &hellip;<\/p>\n","protected":false},"author":1,"featured_media":75670,"comment_status":"closed","ping_status":"closed","sticky":false,"template":"","format":"standard","meta":{"footnotes":""},"categories":[479,17988,478],"tags":[21633],"class_list":["post-75669","post","type-post","status-publish","format-standard","has-post-thumbnail","","category-haberler-yerel","category-son-haberler","category-yerel","tag-tibbi-yardim-tasiyan-cek-ucagi-sam-havaalanina-ulasti"],"_links":{"self":[{"href":"https:\/\/archive.sana.sy\/tr\/index.php?rest_route=\/wp\/v2\/posts\/75669","targetHints":{"allow":["GET"]}}],"collection":[{"href":"https:\/\/archive.sana.sy\/tr\/index.php?rest_route=\/wp\/v2\/posts"}],"about":[{"href":"https:\/\/archive.sana.sy\/tr\/index.php?rest_route=\/wp\/v2\/types\/post"}],"author":[{"embeddable":true,"href":"https:\/\/archive.sana.sy\/tr\/index.php?rest_route=\/wp\/v2\/users\/1"}],"replies":[{"embeddable":true,"href":"https:\/\/archive.sana.sy\/tr\/index.php?rest_route=%2Fwp%2Fv2%2Fcomments&post=75669"}],"version-history":[{"count":0,"href":"https:\/\/archive.sana.sy\/tr\/index.php?rest_route=\/wp\/v2\/posts\/75669\/revisions"}],"wp:featuredmedia":[{"embeddable":true,"href":"https:\/\/archive.sana.sy\/tr\/index.php?rest_route=\/wp\/v2\/media\/75670"}],"wp:attachment":[{"href":"https:\/\/archive.sana.sy\/tr\/index.php?rest_route=%2Fwp%2Fv2%2Fmedia&parent=75669"}],"wp:term":[{"taxonomy":"category","embeddable":true,"href":"https:\/\/archive.sana.sy\/tr\/index.php?rest_route=%2Fwp%2Fv2%2Fcategories&post=75669"},{"taxonomy":"post_tag","embeddable":true,"href":"https:\/\/archive.sana.sy\/tr\/index.php?rest_route=%2Fwp%2Fv2%2Ftags&post=75669"}],"curies":[{"name":"wp","href":"https:\/\/api.w.org\/{rel}","templated":true}]}}