{"id":7569,"date":"2014-08-18T12:23:00","date_gmt":"2014-08-18T09:23:00","guid":{"rendered":"http:\/\/www.sana.sy\/tr\/?p=7569"},"modified":"2014-08-19T00:48:20","modified_gmt":"2014-08-18T21:48:20","slug":"homs-kirsalinda-teslim-olan-16-kisi-durumlari-duzeltildi","status":"publish","type":"post","link":"https:\/\/archive.sana.sy\/tr\/?p=7569","title":{"rendered":"Homs K\u0131rsal\u0131nda Teslim Olan 16 Ki\u015fi Durumlar\u0131 D\u00fczeltildi"},"content":{"rendered":"<p>HOMS \u2013 Homs k\u0131rsal\u0131nda yetkili kurumlara silahlar\u0131yla birlikte teslim olan 16 ki\u015fi yarg\u0131sal i\u015flemleri tamamlamalar\u0131 ard\u0131ndan serbest b\u0131rak\u0131ld\u0131.<\/p>\n<p>Homs Valili\u011finde bir kaynak SANA muhabirine a\u00e7\u0131klamas\u0131nda, Homs k\u0131rsal\u0131 \u0130zzettin K\u00f6y\u00fcnde silahl\u0131 16 ki\u015finin ilgili kurumlara silahlar\u0131yla teslim olmalar\u0131, vatan ve vatanda\u015flar\u0131n g\u00fcvenli\u011fini ihlal edecek herhangi bir eylemde bulunmayacaklar\u0131 taahh\u00fcd\u00fcnde bulunmalar\u0131 ard\u0131ndan durumlar\u0131n\u0131n d\u00fczeltilerek serbest b\u0131rak\u0131ld\u0131klar\u0131n\u0131 s\u00f6yledi.<\/p>\n<p>&nbsp;<\/p>\n","protected":false},"excerpt":{"rendered":"<p>HOMS \u2013 Homs k\u0131rsal\u0131nda yetkili kurumlara silahlar\u0131yla birlikte teslim olan 16 ki\u015fi yarg\u0131sal i\u015flemleri tamamlamalar\u0131 ard\u0131ndan serbest b\u0131rak\u0131ld\u0131. Homs Valili\u011finde bir kaynak SANA muhabirine a\u00e7\u0131klamas\u0131nda, Homs k\u0131rsal\u0131 \u0130zzettin K\u00f6y\u00fcnde silahl\u0131 16 ki\u015finin ilgili kurumlara silahlar\u0131yla teslim olmalar\u0131, vatan ve vatanda\u015flar\u0131n g\u00fcvenli\u011fini ihlal edecek herhangi bir eylemde bulunmayacaklar\u0131 taahh\u00fcd\u00fcnde bulunmalar\u0131 ard\u0131ndan durumlar\u0131n\u0131n d\u00fczeltilerek serbest b\u0131rak\u0131ld\u0131klar\u0131n\u0131 s\u00f6yledi. &hellip;<\/p>\n","protected":false},"author":1,"featured_media":7570,"comment_status":"closed","ping_status":"closed","sticky":false,"template":"","format":"standard","meta":{"footnotes":""},"categories":[479,575,478],"tags":[1687],"class_list":["post-7569","post","type-post","status-publish","format-standard","has-post-thumbnail","","category-haberler-yerel","category-olaylar-ve-gercekler","category-yerel","tag-homs-kirsalinda-teslim-olan-16-kisi-durumlari-duzeltildi"],"_links":{"self":[{"href":"https:\/\/archive.sana.sy\/tr\/index.php?rest_route=\/wp\/v2\/posts\/7569","targetHints":{"allow":["GET"]}}],"collection":[{"href":"https:\/\/archive.sana.sy\/tr\/index.php?rest_route=\/wp\/v2\/posts"}],"about":[{"href":"https:\/\/archive.sana.sy\/tr\/index.php?rest_route=\/wp\/v2\/types\/post"}],"author":[{"embeddable":true,"href":"https:\/\/archive.sana.sy\/tr\/index.php?rest_route=\/wp\/v2\/users\/1"}],"replies":[{"embeddable":true,"href":"https:\/\/archive.sana.sy\/tr\/index.php?rest_route=%2Fwp%2Fv2%2Fcomments&post=7569"}],"version-history":[{"count":0,"href":"https:\/\/archive.sana.sy\/tr\/index.php?rest_route=\/wp\/v2\/posts\/7569\/revisions"}],"wp:featuredmedia":[{"embeddable":true,"href":"https:\/\/archive.sana.sy\/tr\/index.php?rest_route=\/wp\/v2\/media\/7570"}],"wp:attachment":[{"href":"https:\/\/archive.sana.sy\/tr\/index.php?rest_route=%2Fwp%2Fv2%2Fmedia&parent=7569"}],"wp:term":[{"taxonomy":"category","embeddable":true,"href":"https:\/\/archive.sana.sy\/tr\/index.php?rest_route=%2Fwp%2Fv2%2Fcategories&post=7569"},{"taxonomy":"post_tag","embeddable":true,"href":"https:\/\/archive.sana.sy\/tr\/index.php?rest_route=%2Fwp%2Fv2%2Ftags&post=7569"}],"curies":[{"name":"wp","href":"https:\/\/api.w.org\/{rel}","templated":true}]}}