{"id":75752,"date":"2016-06-08T12:42:41","date_gmt":"2016-06-08T09:42:41","guid":{"rendered":"http:\/\/sana.sy\/tr\/?p=75752"},"modified":"2016-06-10T15:30:24","modified_gmt":"2016-06-10T12:30:24","slug":"deyrezzor-yeniden-suya-kavustu","status":"publish","type":"post","link":"https:\/\/archive.sana.sy\/tr\/?p=75752","title":{"rendered":"Deyrezzor Yeniden Suya Kavu\u015ftu"},"content":{"rendered":"<p>DEYREZZOR \u2013 Deyrezzor\u2019da \u0130\u00e7me Suyu \u0130l M\u00fcd\u00fcr\u00fc Muaz Allu\u015f, su pompalar\u0131n\u0131 \u00e7al\u0131\u015ft\u0131racak yak\u0131t eksikli\u011fi nedeniyle kentte be\u015f g\u00fcn s\u00fcren su kesintisinden sonra bug\u00fcn halk\u0131n yeniden i\u00e7me suyuna kavu\u015ftu\u011funu belirtti.<\/p>\n<p>Allu\u015f 1,5 y\u0131ldan fazla s\u00fcredir I\u015e\u0130D\u2019in ablukas\u0131 alt\u0131ndaki kent ahalisinin su ihtiyac\u0131n\u0131n %60 oran\u0131nda kar\u015f\u0131lanaca\u011f\u0131n\u0131 ifade ederken, su kesintisi durumundan halk\u0131n direk olarak ihtiyac\u0131n\u0131 gidermeleri amac\u0131yla Cura Semtinde ar\u0131t\u0131lm\u0131\u015f su havuzu yap\u0131ld\u0131\u011f\u0131n\u0131 s\u00f6yledi.<\/p>\n","protected":false},"excerpt":{"rendered":"<p>DEYREZZOR \u2013 Deyrezzor\u2019da \u0130\u00e7me Suyu \u0130l M\u00fcd\u00fcr\u00fc Muaz Allu\u015f, su pompalar\u0131n\u0131 \u00e7al\u0131\u015ft\u0131racak yak\u0131t eksikli\u011fi nedeniyle kentte be\u015f g\u00fcn s\u00fcren su kesintisinden sonra bug\u00fcn halk\u0131n yeniden i\u00e7me suyuna kavu\u015ftu\u011funu belirtti. Allu\u015f 1,5 y\u0131ldan fazla s\u00fcredir I\u015e\u0130D\u2019in ablukas\u0131 alt\u0131ndaki kent ahalisinin su ihtiyac\u0131n\u0131n %60 oran\u0131nda kar\u015f\u0131lanaca\u011f\u0131n\u0131 ifade ederken, su kesintisi durumundan halk\u0131n direk olarak ihtiyac\u0131n\u0131 gidermeleri amac\u0131yla &hellip;<\/p>\n","protected":false},"author":1,"featured_media":75753,"comment_status":"closed","ping_status":"closed","sticky":false,"template":"","format":"standard","meta":{"footnotes":""},"categories":[479,17988,478],"tags":[],"class_list":["post-75752","post","type-post","status-publish","format-standard","has-post-thumbnail","","category-haberler-yerel","category-son-haberler","category-yerel"],"_links":{"self":[{"href":"https:\/\/archive.sana.sy\/tr\/index.php?rest_route=\/wp\/v2\/posts\/75752","targetHints":{"allow":["GET"]}}],"collection":[{"href":"https:\/\/archive.sana.sy\/tr\/index.php?rest_route=\/wp\/v2\/posts"}],"about":[{"href":"https:\/\/archive.sana.sy\/tr\/index.php?rest_route=\/wp\/v2\/types\/post"}],"author":[{"embeddable":true,"href":"https:\/\/archive.sana.sy\/tr\/index.php?rest_route=\/wp\/v2\/users\/1"}],"replies":[{"embeddable":true,"href":"https:\/\/archive.sana.sy\/tr\/index.php?rest_route=%2Fwp%2Fv2%2Fcomments&post=75752"}],"version-history":[{"count":0,"href":"https:\/\/archive.sana.sy\/tr\/index.php?rest_route=\/wp\/v2\/posts\/75752\/revisions"}],"wp:featuredmedia":[{"embeddable":true,"href":"https:\/\/archive.sana.sy\/tr\/index.php?rest_route=\/wp\/v2\/media\/75753"}],"wp:attachment":[{"href":"https:\/\/archive.sana.sy\/tr\/index.php?rest_route=%2Fwp%2Fv2%2Fmedia&parent=75752"}],"wp:term":[{"taxonomy":"category","embeddable":true,"href":"https:\/\/archive.sana.sy\/tr\/index.php?rest_route=%2Fwp%2Fv2%2Fcategories&post=75752"},{"taxonomy":"post_tag","embeddable":true,"href":"https:\/\/archive.sana.sy\/tr\/index.php?rest_route=%2Fwp%2Fv2%2Ftags&post=75752"}],"curies":[{"name":"wp","href":"https:\/\/api.w.org\/{rel}","templated":true}]}}