{"id":7583,"date":"2014-08-18T13:40:16","date_gmt":"2014-08-18T10:40:16","guid":{"rendered":"http:\/\/www.sana.sy\/tr\/?p=7583"},"modified":"2014-08-19T10:06:26","modified_gmt":"2014-08-19T07:06:26","slug":"7583","status":"publish","type":"post","link":"https:\/\/archive.sana.sy\/tr\/?p=7583","title":{"rendered":"Samanda\u011f Halk\u0131 I\u015e\u0130D Katliamlar\u0131na Kar\u015f\u0131 Y\u00fcr\u00fcd\u00fc"},"content":{"rendered":"<p>ANTAKYA \u2013 Antakya\u2019ya tabi Samanda\u011f il\u00e7e halk\u0131 bug\u00fcn \u2018Irak ve \u015eam\u2019 yada I\u015e\u0130D ad\u0131yla bilinen ter\u00f6r \u00f6rg\u00fct\u00fcn\u00fcn Suriye&#8217;de bulundu\u011fu katliamlar ve T\u00fcrkiye s\u0131n\u0131rlar\u0131na te\u015fkil etti\u011fi tehlikeyi protesto eden kitlesel bir halk g\u00f6sterisi d\u00fczenledi.<\/p>\n<p>Cumhuriyet Halk Partisi (CHP) Hatay Milletvekili Refik Ery\u0131lmaz\u2019\u0131n kat\u0131ld\u0131\u011f\u0131 g\u00f6steride kat\u0131l\u0131mc\u0131lar Cumhuriyet Park\u0131nda toplanmalar\u0131 ard\u0131ndan deniz sahilindeki H\u0131z\u0131r T\u00fcrbesine kadar yakla\u015f\u0131k 7 km y\u00fcr\u00fcd\u00fc.<\/p>\n<p>&#8220;Ya\u015fam Hakk\u0131na Sayg\u0131 Y\u00fcr\u00fcy\u00fc\u015f\u00fc&#8221; ad\u0131 alt\u0131nda d\u00fczenlenen eylemde kat\u0131l\u0131mc\u0131lar ellerinde karde\u015fli\u011fi vurgulayan pankart ve d\u00f6vizler ta\u015f\u0131rken ABD ve T\u00fcrkiye&#8217;deki AKP h\u00fck\u00fcmetine kar\u015f\u0131 sloganlar att\u0131lar.<\/p>\n<p>Abdullah C\u00f6mert Meydan\u0131nda da toplanan di\u011fer bir grup yapt\u0131klar\u0131 bas\u0131n a\u00e7\u0131klamas\u0131n\u0131n ard\u0131ndan y\u00fcr\u00fcy\u00fc\u015f koluna dahil oldu.<\/p>\n<p>Yap\u0131lan bas\u0131n a\u00e7\u0131klamas\u0131nda: &#8221;Ba\u015fta I\u015e\u0130D olmak \u00fczere, Ortado\u011fu&#8217;da din, \u0131rk, mezhep, ya\u015f ve cinsiyet g\u00f6zetmeksizin masum insanlar\u0131 hunharca katledenlere kar\u015f\u0131 Hatay halk\u0131 olarak birlik, beraberlik, karde\u015flik, dayan\u0131\u015fma ve bar\u0131\u015f duygular\u0131 i\u00e7inde sesimizi t\u00fcm d\u00fcnyaya hayk\u0131rmak \u00fczere topland\u0131k. Tedirginiz, can g\u00fcvenli\u011fimizin tehdit alt\u0131nda oldu\u011funu hissediyoruz ve g\u00f6r\u00fcyoruz, \u00e7ocuklar\u0131m\u0131z\u0131n gelece\u011fi ile ilgili endi\u015feliyiz. Bizler bu kayg\u0131lar\u0131 ta\u015f\u0131rken devlet yetkililerini acil \u00f6nlemler almaya davet ediyoruz. \u0130\u015f i\u015ften ge\u00e7tikten sonra isyan ve a\u011f\u0131tlar\u0131n fayda sa\u011flamayaca\u011f\u0131 a\u015fikard\u0131r. Bu \u00e7etelerle i\u015fbirli\u011fi yapan ve bu kaostan nemalanan b\u00fct\u00fcn kesimler bilsin ki onlar da er ya da ge\u00e7 hedef tahtas\u0131na oturacaklard\u0131r. Yetkililerimiz elini kolunu sallayarak s\u0131n\u0131rlar\u0131m\u0131zdan ge\u00e7en bu canileri g\u00f6rm\u00fcyor mu, yoksa g\u00f6z m\u00fc yumuyorlar. T\u00fcm yetkilileri g\u00f6reve davet ediyoruz, Hatay halk\u0131 olarak ailelerimizi, kendimizi ve ilimizi savunmaktan aciz olmad\u0131\u011f\u0131m\u0131z\u0131n bilinmesini istiyoruz ancak g\u00f6z\u00fc d\u00f6nm\u00fc\u015f katillerle kar\u015f\u0131 kar\u015f\u0131ya b\u0131rak\u0131lmak ve can g\u00fcvenli\u011fimizi kendimiz sa\u011flamak zorunda kalmak istemiyoruz. Reyhanl\u0131&#8217;y\u0131 unutmad\u0131k, Kesep yan\u0131ba\u015f\u0131m\u0131zda, Ortado\u011fu masum insanlar\u0131n kan\u0131na bo\u011fulmu\u015f durumda. Hatay halk\u0131 olarak bu katliamlara g\u00f6z yumulmamas\u0131n\u0131 ve bu tekfirci gruplar\u0131n derhal s\u0131n\u0131r d\u0131\u015f\u0131 edilmesini ve ter\u00f6rist ilan edilmesini istiyoruz. Sokaklar\u0131m\u0131zda ba\u015f\u0131bo\u015f gezen bu katillerle ayn\u0131 havay\u0131 solumak istemiyoruz. Bar\u0131\u015f, huzur ve karde\u015flik kenti olarak bilinen Hatay&#8217;\u0131n bu \u00f6zelli\u011fini yitirmesini istemiyoruz.&#8221;<\/p>\n<p>Din adam\u0131\u00a0Ali Yeral&#8217;in de kat\u0131larak destek verdi\u011fi y\u00fcr\u00fcy\u00fc\u015f boyunca; &#8221;Kahrolsun ABD \u0130\u015fbirlik\u00e7i AKP, Hatay Uyuma I\u015e\u0130D Kap\u0131da, Samanda\u011f Halk\u0131 Omuz Omuza, Ortado\u011fu Halklar\u0131 S\u0131kla\u015ft\u0131r\u0131n Saflar\u0131&#8221; sloganlar\u0131 at\u0131ld\u0131.<\/p>\n<div id='gallery-1' class='gallery galleryid-7583 gallery-columns-2 gallery-size-thumbnail'><figure class='gallery-item'>\n\t\t\t<div class='gallery-icon landscape'>\n\t\t\t\t<a href='https:\/\/archive.sana.sy\/tr\/wp-content\/uploads\/2014\/08\/Samanda\u011f\u0131-2.jpg'><img loading=\"lazy\" decoding=\"async\" width=\"150\" height=\"112\" src=\"https:\/\/archive.sana.sy\/tr\/wp-content\/uploads\/2014\/08\/Samanda\u011f\u0131-2-150x112.jpg\" class=\"attachment-thumbnail size-thumbnail\" alt=\"\" srcset=\"https:\/\/archive.sana.sy\/tr\/wp-content\/uploads\/2014\/08\/Samanda\u011f\u0131-2-150x112.jpg 150w, https:\/\/archive.sana.sy\/tr\/wp-content\/uploads\/2014\/08\/Samanda\u011f\u0131-2-300x225.jpg 300w, https:\/\/archive.sana.sy\/tr\/wp-content\/uploads\/2014\/08\/Samanda\u011f\u0131-2.jpg 960w\" sizes=\"auto, (max-width: 150px) 100vw, 150px\" \/><\/a>\n\t\t\t<\/div><\/figure><figure class='gallery-item'>\n\t\t\t<div class='gallery-icon landscape'>\n\t\t\t\t<a href='https:\/\/archive.sana.sy\/tr\/wp-content\/uploads\/2014\/08\/Samanda\u011f\u0131-3.jpg'><img loading=\"lazy\" decoding=\"async\" width=\"150\" height=\"112\" src=\"https:\/\/archive.sana.sy\/tr\/wp-content\/uploads\/2014\/08\/Samanda\u011f\u0131-3-150x112.jpg\" class=\"attachment-thumbnail size-thumbnail\" alt=\"\" srcset=\"https:\/\/archive.sana.sy\/tr\/wp-content\/uploads\/2014\/08\/Samanda\u011f\u0131-3-150x112.jpg 150w, https:\/\/archive.sana.sy\/tr\/wp-content\/uploads\/2014\/08\/Samanda\u011f\u0131-3-300x225.jpg 300w, https:\/\/archive.sana.sy\/tr\/wp-content\/uploads\/2014\/08\/Samanda\u011f\u0131-3.jpg 960w\" sizes=\"auto, (max-width: 150px) 100vw, 150px\" \/><\/a>\n\t\t\t<\/div><\/figure>\n\t\t<\/div>\n\n","protected":false},"excerpt":{"rendered":"<p>ANTAKYA \u2013 Antakya\u2019ya tabi Samanda\u011f il\u00e7e halk\u0131 bug\u00fcn \u2018Irak ve \u015eam\u2019 yada I\u015e\u0130D ad\u0131yla bilinen ter\u00f6r \u00f6rg\u00fct\u00fcn\u00fcn Suriye&#8217;de bulundu\u011fu katliamlar ve T\u00fcrkiye s\u0131n\u0131rlar\u0131na te\u015fkil etti\u011fi tehlikeyi protesto eden kitlesel bir halk g\u00f6sterisi d\u00fczenledi. Cumhuriyet Halk Partisi (CHP) Hatay Milletvekili Refik Ery\u0131lmaz\u2019\u0131n kat\u0131ld\u0131\u011f\u0131 g\u00f6steride kat\u0131l\u0131mc\u0131lar Cumhuriyet Park\u0131nda toplanmalar\u0131 ard\u0131ndan deniz sahilindeki H\u0131z\u0131r T\u00fcrbesine kadar yakla\u015f\u0131k 7 &hellip;<\/p>\n","protected":false},"author":1,"featured_media":7584,"comment_status":"closed","ping_status":"closed","sticky":false,"template":"","format":"standard","meta":{"footnotes":""},"categories":[458,596,459],"tags":[1689],"class_list":["post-7583","post","type-post","status-publish","format-standard","has-post-thumbnail","","category-dunya1","category-fotografli-raporlar","category-haberler-arap-uluslararasi-politika","tag-samandag-halki-iside-karsi-yurudu"],"_links":{"self":[{"href":"https:\/\/archive.sana.sy\/tr\/index.php?rest_route=\/wp\/v2\/posts\/7583","targetHints":{"allow":["GET"]}}],"collection":[{"href":"https:\/\/archive.sana.sy\/tr\/index.php?rest_route=\/wp\/v2\/posts"}],"about":[{"href":"https:\/\/archive.sana.sy\/tr\/index.php?rest_route=\/wp\/v2\/types\/post"}],"author":[{"embeddable":true,"href":"https:\/\/archive.sana.sy\/tr\/index.php?rest_route=\/wp\/v2\/users\/1"}],"replies":[{"embeddable":true,"href":"https:\/\/archive.sana.sy\/tr\/index.php?rest_route=%2Fwp%2Fv2%2Fcomments&post=7583"}],"version-history":[{"count":0,"href":"https:\/\/archive.sana.sy\/tr\/index.php?rest_route=\/wp\/v2\/posts\/7583\/revisions"}],"wp:featuredmedia":[{"embeddable":true,"href":"https:\/\/archive.sana.sy\/tr\/index.php?rest_route=\/wp\/v2\/media\/7584"}],"wp:attachment":[{"href":"https:\/\/archive.sana.sy\/tr\/index.php?rest_route=%2Fwp%2Fv2%2Fmedia&parent=7583"}],"wp:term":[{"taxonomy":"category","embeddable":true,"href":"https:\/\/archive.sana.sy\/tr\/index.php?rest_route=%2Fwp%2Fv2%2Fcategories&post=7583"},{"taxonomy":"post_tag","embeddable":true,"href":"https:\/\/archive.sana.sy\/tr\/index.php?rest_route=%2Fwp%2Fv2%2Ftags&post=7583"}],"curies":[{"name":"wp","href":"https:\/\/api.w.org\/{rel}","templated":true}]}}