{"id":75838,"date":"2016-06-09T16:00:09","date_gmt":"2016-06-09T13:00:09","guid":{"rendered":"http:\/\/www.sana.sy\/tr\/?p=75838"},"modified":"2016-06-10T11:52:21","modified_gmt":"2016-06-10T08:52:21","slug":"once-uygun-zemin-ve-kosullar-saglanmalidir","status":"publish","type":"post","link":"https:\/\/archive.sana.sy\/tr\/?p=75838","title":{"rendered":"\u00d6nce Uygun Zemin ve Ko\u015fullar Sa\u011flanmal\u0131d\u0131r"},"content":{"rendered":"<p>CENEVRE \u2013 BM genel sekreterinin Suriye \u00f6zel temsilcisi Staffan de Mistura, Cenevre&#8217;de Suriyeliler aras\u0131nda yap\u0131lan diyalog g\u00f6r\u00fc\u015fmelerinin yeni turu i\u00e7in hen\u00fcz belirli bir tarih bulunmad\u0131\u011f\u0131n\u0131 belirtti.<\/p>\n<p>Cenevre&#8217;de bug\u00fcn d\u00fczenledi\u011fi bas\u0131n toplant\u0131s\u0131nda de Mistura; yeni tur i\u00e7in tarih belirleme zaman\u0131n\u0131n hen\u00fcz olgunla\u015fmad\u0131\u011f\u0131n\u0131 ifade ederken, fakat bunun i\u00e7in uygun ko\u015fullar\u0131n sa\u011flanmas\u0131na \u00e7al\u0131\u015f\u0131ld\u0131\u011f\u0131n\u0131 s\u00f6yledi. De Mistura bu meseleyi BMGK\u2019nin d\u00fczenledi\u011fi son kapal\u0131 oturumda da ele ald\u0131klar\u0131n\u0131 s\u00f6zlerine ekledi.<\/p>\n<p>G\u00f6r\u00fc\u015fmelerin yeni turunun en k\u0131sa zamanda ba\u015flamas\u0131 gere\u011finin a\u00e7\u0131k oldu\u011funu ifade eden de Mistura, fakat ayn\u0131 zamanda ba\u015flamas\u0131 halinde ilerleme kaydedilecek ve g\u00fczel sonu\u00e7lar al\u0131nmas\u0131 i\u00e7in gerekli zemin ve ko\u015fullar\u0131n sa\u011flanmas\u0131n\u0131n daha \u00f6nemli oldu\u011funu belirtti. De Mistura g\u00f6r\u00fc\u015fmelerin ba\u015far\u0131l\u0131 olmas\u0131n\u0131n insani durumlar\u0131n iyile\u015fmesi ve \u00e7at\u0131\u015fmalar\u0131n durdurulmas\u0131yla ba\u011flant\u0131l\u0131 oldu\u011funa i\u015faret etti.<\/p>\n<p>R.H.<\/p>\n","protected":false},"excerpt":{"rendered":"<p>CENEVRE \u2013 BM genel sekreterinin Suriye \u00f6zel temsilcisi Staffan de Mistura, Cenevre&#8217;de Suriyeliler aras\u0131nda yap\u0131lan diyalog g\u00f6r\u00fc\u015fmelerinin yeni turu i\u00e7in hen\u00fcz belirli bir tarih bulunmad\u0131\u011f\u0131n\u0131 belirtti. Cenevre&#8217;de bug\u00fcn d\u00fczenledi\u011fi bas\u0131n toplant\u0131s\u0131nda de Mistura; yeni tur i\u00e7in tarih belirleme zaman\u0131n\u0131n hen\u00fcz olgunla\u015fmad\u0131\u011f\u0131n\u0131 ifade ederken, fakat bunun i\u00e7in uygun ko\u015fullar\u0131n sa\u011flanmas\u0131na \u00e7al\u0131\u015f\u0131ld\u0131\u011f\u0131n\u0131 s\u00f6yledi. De Mistura bu meseleyi &hellip;<\/p>\n","protected":false},"author":1,"featured_media":75839,"comment_status":"closed","ping_status":"closed","sticky":false,"template":"","format":"standard","meta":{"footnotes":""},"categories":[458,459,17988],"tags":[21671],"class_list":["post-75838","post","type-post","status-publish","format-standard","has-post-thumbnail","","category-dunya1","category-haberler-arap-uluslararasi-politika","category-son-haberler","tag-once-uygun-zemin-ve-kosullar-saglanmalidir"],"_links":{"self":[{"href":"https:\/\/archive.sana.sy\/tr\/index.php?rest_route=\/wp\/v2\/posts\/75838","targetHints":{"allow":["GET"]}}],"collection":[{"href":"https:\/\/archive.sana.sy\/tr\/index.php?rest_route=\/wp\/v2\/posts"}],"about":[{"href":"https:\/\/archive.sana.sy\/tr\/index.php?rest_route=\/wp\/v2\/types\/post"}],"author":[{"embeddable":true,"href":"https:\/\/archive.sana.sy\/tr\/index.php?rest_route=\/wp\/v2\/users\/1"}],"replies":[{"embeddable":true,"href":"https:\/\/archive.sana.sy\/tr\/index.php?rest_route=%2Fwp%2Fv2%2Fcomments&post=75838"}],"version-history":[{"count":0,"href":"https:\/\/archive.sana.sy\/tr\/index.php?rest_route=\/wp\/v2\/posts\/75838\/revisions"}],"wp:featuredmedia":[{"embeddable":true,"href":"https:\/\/archive.sana.sy\/tr\/index.php?rest_route=\/wp\/v2\/media\/75839"}],"wp:attachment":[{"href":"https:\/\/archive.sana.sy\/tr\/index.php?rest_route=%2Fwp%2Fv2%2Fmedia&parent=75838"}],"wp:term":[{"taxonomy":"category","embeddable":true,"href":"https:\/\/archive.sana.sy\/tr\/index.php?rest_route=%2Fwp%2Fv2%2Fcategories&post=75838"},{"taxonomy":"post_tag","embeddable":true,"href":"https:\/\/archive.sana.sy\/tr\/index.php?rest_route=%2Fwp%2Fv2%2Ftags&post=75838"}],"curies":[{"name":"wp","href":"https:\/\/api.w.org\/{rel}","templated":true}]}}