{"id":75858,"date":"2016-06-10T13:26:02","date_gmt":"2016-06-10T10:26:02","guid":{"rendered":"http:\/\/www.sana.sy\/tr\/?p=75858"},"modified":"2016-06-10T13:26:02","modified_gmt":"2016-06-10T10:26:02","slug":"ramazan-ayinda-bab-el-srica-carsisindan-bir-kare","status":"publish","type":"post","link":"https:\/\/archive.sana.sy\/tr\/?p=75858","title":{"rendered":"Ramazan Ay\u0131nda Bab el Srica \u00c7ar\u015f\u0131s\u0131ndan bir kare"},"content":{"rendered":"<p>Ramazan Ay\u0131nda Bab el Srica \u00c7ar\u015f\u0131s\u0131ndan bir kare<\/p>\n","protected":false},"excerpt":{"rendered":"<p>Ramazan Ay\u0131nda Bab el Srica \u00c7ar\u015f\u0131s\u0131ndan bir kare<\/p>\n","protected":false},"author":1,"featured_media":75859,"comment_status":"closed","ping_status":"closed","sticky":false,"template":"","format":"standard","meta":{"footnotes":""},"categories":[573],"tags":[21676],"class_list":["post-75858","post","type-post","status-publish","format-standard","has-post-thumbnail","","category-goruntulu-olaylar","tag-ramazan-ayinda-bab-el-srica-carsisindan-bir-kare"],"_links":{"self":[{"href":"https:\/\/archive.sana.sy\/tr\/index.php?rest_route=\/wp\/v2\/posts\/75858","targetHints":{"allow":["GET"]}}],"collection":[{"href":"https:\/\/archive.sana.sy\/tr\/index.php?rest_route=\/wp\/v2\/posts"}],"about":[{"href":"https:\/\/archive.sana.sy\/tr\/index.php?rest_route=\/wp\/v2\/types\/post"}],"author":[{"embeddable":true,"href":"https:\/\/archive.sana.sy\/tr\/index.php?rest_route=\/wp\/v2\/users\/1"}],"replies":[{"embeddable":true,"href":"https:\/\/archive.sana.sy\/tr\/index.php?rest_route=%2Fwp%2Fv2%2Fcomments&post=75858"}],"version-history":[{"count":0,"href":"https:\/\/archive.sana.sy\/tr\/index.php?rest_route=\/wp\/v2\/posts\/75858\/revisions"}],"wp:featuredmedia":[{"embeddable":true,"href":"https:\/\/archive.sana.sy\/tr\/index.php?rest_route=\/wp\/v2\/media\/75859"}],"wp:attachment":[{"href":"https:\/\/archive.sana.sy\/tr\/index.php?rest_route=%2Fwp%2Fv2%2Fmedia&parent=75858"}],"wp:term":[{"taxonomy":"category","embeddable":true,"href":"https:\/\/archive.sana.sy\/tr\/index.php?rest_route=%2Fwp%2Fv2%2Fcategories&post=75858"},{"taxonomy":"post_tag","embeddable":true,"href":"https:\/\/archive.sana.sy\/tr\/index.php?rest_route=%2Fwp%2Fv2%2Ftags&post=75858"}],"curies":[{"name":"wp","href":"https:\/\/api.w.org\/{rel}","templated":true}]}}