{"id":7588,"date":"2014-08-18T13:57:24","date_gmt":"2014-08-18T10:57:24","guid":{"rendered":"http:\/\/www.sana.sy\/tr\/?p=7588"},"modified":"2014-08-18T13:57:24","modified_gmt":"2014-08-18T10:57:24","slug":"musul-baraji-ve-civari-isid-teroristlerinden-temizlendi","status":"publish","type":"post","link":"https:\/\/archive.sana.sy\/tr\/?p=7588","title":{"rendered":"Musul Baraj\u0131 ve Civar\u0131 I\u015e\u0130D Ter\u00f6ristlerinden Temizlendi"},"content":{"rendered":"<p>BA\u011eDAT \u2013 Irak Silahl\u0131 Kuvvetler Genel Komutan\u0131 ad\u0131na konu\u015fan Orgeneral Kas\u0131m Ata; Irak\u2019\u0131n kuzeyine d\u00fc\u015fen Musul Baraj\u0131 ve civar\u0131n\u0131n \u2018Irak ve \u015eam Devleti I\u015e\u0130D\u2019 olarak bilinen ter\u00f6ristlerden temizlendi\u011fini ilan etti.<\/p>\n<p>Irak Enformasyon \u015eebekesinin bug\u00fcn aktard\u0131\u011f\u0131 beyan\u0131nda Orgeneral Ata; ter\u00f6rle m\u00fccadele g\u00fc\u00e7lerinin ortak hava operasyonlar\u0131 deste\u011fi ile Musul Baraj\u0131n\u0131 tamamen ter\u00f6ristlerden temizledi\u011fini a\u00e7\u0131klad\u0131.<\/p>\n<p>\u00d6te yandan Irakl\u0131 bir g\u00fcvenlik kayna\u011f\u0131 Irak sava\u015f u\u00e7aklar\u0131n\u0131n Selahattin ilinin kuzeyi \u015earkat B\u00f6lgesinde Sdeyra K\u00f6y\u00fcnde I\u015e\u0130D\u2019e ait bir karargah\u0131 havaya u\u00e7urdu\u011funu aktar\u0131rken, operasyonda \u2018\u015eerkat Valisi\u2019 olarak bilinen Selman Abd\u00fcl\u015febib\u2019in yaraland\u0131\u011f\u0131n\u0131 s\u00f6yledi.<\/p>\n","protected":false},"excerpt":{"rendered":"<p>BA\u011eDAT \u2013 Irak Silahl\u0131 Kuvvetler Genel Komutan\u0131 ad\u0131na konu\u015fan Orgeneral Kas\u0131m Ata; Irak\u2019\u0131n kuzeyine d\u00fc\u015fen Musul Baraj\u0131 ve civar\u0131n\u0131n \u2018Irak ve \u015eam Devleti I\u015e\u0130D\u2019 olarak bilinen ter\u00f6ristlerden temizlendi\u011fini ilan etti. Irak Enformasyon \u015eebekesinin bug\u00fcn aktard\u0131\u011f\u0131 beyan\u0131nda Orgeneral Ata; ter\u00f6rle m\u00fccadele g\u00fc\u00e7lerinin ortak hava operasyonlar\u0131 deste\u011fi ile Musul Baraj\u0131n\u0131 tamamen ter\u00f6ristlerden temizledi\u011fini a\u00e7\u0131klad\u0131. \u00d6te yandan Irakl\u0131 &hellip;<\/p>\n","protected":false},"author":1,"featured_media":7589,"comment_status":"closed","ping_status":"closed","sticky":false,"template":"","format":"standard","meta":{"footnotes":""},"categories":[458,459,447],"tags":[1690],"class_list":["post-7588","post","type-post","status-publish","format-standard","has-post-thumbnail","","category-dunya1","category-haberler-arap-uluslararasi-politika","category-politika","tag-musul-baraji-ve-civari-isid-teroristlerinden-temizlendi"],"_links":{"self":[{"href":"https:\/\/archive.sana.sy\/tr\/index.php?rest_route=\/wp\/v2\/posts\/7588","targetHints":{"allow":["GET"]}}],"collection":[{"href":"https:\/\/archive.sana.sy\/tr\/index.php?rest_route=\/wp\/v2\/posts"}],"about":[{"href":"https:\/\/archive.sana.sy\/tr\/index.php?rest_route=\/wp\/v2\/types\/post"}],"author":[{"embeddable":true,"href":"https:\/\/archive.sana.sy\/tr\/index.php?rest_route=\/wp\/v2\/users\/1"}],"replies":[{"embeddable":true,"href":"https:\/\/archive.sana.sy\/tr\/index.php?rest_route=%2Fwp%2Fv2%2Fcomments&post=7588"}],"version-history":[{"count":0,"href":"https:\/\/archive.sana.sy\/tr\/index.php?rest_route=\/wp\/v2\/posts\/7588\/revisions"}],"wp:featuredmedia":[{"embeddable":true,"href":"https:\/\/archive.sana.sy\/tr\/index.php?rest_route=\/wp\/v2\/media\/7589"}],"wp:attachment":[{"href":"https:\/\/archive.sana.sy\/tr\/index.php?rest_route=%2Fwp%2Fv2%2Fmedia&parent=7588"}],"wp:term":[{"taxonomy":"category","embeddable":true,"href":"https:\/\/archive.sana.sy\/tr\/index.php?rest_route=%2Fwp%2Fv2%2Fcategories&post=7588"},{"taxonomy":"post_tag","embeddable":true,"href":"https:\/\/archive.sana.sy\/tr\/index.php?rest_route=%2Fwp%2Fv2%2Ftags&post=7588"}],"curies":[{"name":"wp","href":"https:\/\/api.w.org\/{rel}","templated":true}]}}