{"id":75884,"date":"2016-06-10T14:53:16","date_gmt":"2016-06-10T11:53:16","guid":{"rendered":"http:\/\/sana.sy\/tr\/?p=75884"},"modified":"2016-06-11T15:07:13","modified_gmt":"2016-06-11T12:07:13","slug":"savas-azim-ve-kararlilikla-devam-edecektir","status":"publish","type":"post","link":"https:\/\/archive.sana.sy\/tr\/?p=75884","title":{"rendered":"Sava\u015f Azim ve Kararl\u0131l\u0131kla Devam Edecektir"},"content":{"rendered":"<p>TAHRAN \u2013 Tahran\u2019a i\u015f gezisinde bulunan Ordu ve Silahl\u0131 Kuvvetler Genel Komutan Yard\u0131mc\u0131s\u0131 Savunma Bakan\u0131 Korgeneral Fahd Casim el Freyc bug\u00fcn \u0130ran Milli G\u00fcvenlik Y\u00fcksek Konseyi Ba\u015fkan\u0131 Ali \u015eemahani ile temaslarda bulundu.<\/p>\n<p>G\u00f6r\u00fc\u015fmede \u015eemahani ter\u00f6rle m\u00fccadelede Suriye, \u0130ran ve Rusya aras\u0131ndaki koordinasyon ve i\u015fbirli\u011finin \u00f6nemine dikkat \u00e7ekerken, \u00fc\u00e7 devlet savunma bakanlar\u0131n\u0131n d\u00fcn d\u00fczenledikleri toplant\u0131n\u0131n sonu\u00e7lar\u0131ndan memnuniyetini ifade etti.<\/p>\n<p>\u015eemahani Suriye&#8217;de sava\u015f ve kanlar\u0131n ak\u0131t\u0131lmas\u0131na son verme ama\u00e7l\u0131 kapsaml\u0131 bir mekanizman\u0131n elde edilmesi y\u00f6n\u00fcnde Suriye, Rusya ve \u0130ran\u2019\u0131n siyasi enerjilerinin daha \u00e7ok etkinle\u015ftirilmesi gerekti\u011fini belirtti.<\/p>\n<p>\u0130ran\u2019\u0131n Suriye&#8217;de ter\u00f6r\u00fcn k\u00f6k\u00fcnden yok edilmesi y\u00f6n\u00fcnde deste\u011fini s\u00fcrd\u00fcrece\u011fini ifade eden \u015eemahani; Suriye&#8217;nin olduk\u00e7a tehlikeli bir fitne ve ter\u00f6re kar\u015f\u0131 sava\u015f meydan\u0131 haline geldi\u011fine dikkat \u00e7ekti. \u015eemahani bu tehlikenin \u00f6n\u00fcne ge\u00e7ilmemesi halinde t\u00fcm b\u00f6lge ve d\u00fcnyaya yay\u0131lmas\u0131n\u0131n ka\u00e7\u0131n\u0131lmaz oldu\u011funun alt\u0131n\u0131 \u00e7izdi.<\/p>\n<p>\u0130ran Milli G\u00fcvenlik Y\u00fcksek Konseyi Ba\u015fkan\u0131 \u015eemahani ABD ve m\u00fcttefiklerinin yan\u0131 s\u0131ra b\u00f6lgedeki ta\u015feronlar\u0131n\u0131n ter\u00f6re desteklerinin Suriye&#8217;de askeri ve siyasi durumlar\u0131 t\u0131rmand\u0131rd\u0131\u011f\u0131na dikkat \u00e7ekerken, siyasi \u00e7\u00f6z\u00fcm istediklerini iddia ettikleri bir zamanda b\u00f6yle bir tutum sergilemelerinin g\u00fcvenirliklerini ve d\u00fcr\u00fcstl\u00fcklerini d\u00fcnya kamuoyu \u00f6n\u00fcnde sabote etti\u011fini s\u00f6yledi.<\/p>\n<p>Savunma Bakan\u0131 Freyc ise Suriye ve halk\u0131na deste\u011finden dolay\u0131 \u0130ran\u2019a \u015f\u00fckranlar\u0131 ifade etti. Freyc Suriye&#8217;nin devlet, ordu ve halk olarak vatan topraklar\u0131n\u0131n istisnas\u0131z her kar\u0131\u015f\u0131n\u0131n ter\u00f6rden kurtulmas\u0131 ve egemenli\u011finin korunmas\u0131 y\u00f6n\u00fcnde sava\u015f\u0131n azim ve kararl\u0131l\u0131kla devam edece\u011finin alt\u0131n\u0131 \u00e7izdi.<\/p>\n","protected":false},"excerpt":{"rendered":"<p>TAHRAN \u2013 Tahran\u2019a i\u015f gezisinde bulunan Ordu ve Silahl\u0131 Kuvvetler Genel Komutan Yard\u0131mc\u0131s\u0131 Savunma Bakan\u0131 Korgeneral Fahd Casim el Freyc bug\u00fcn \u0130ran Milli G\u00fcvenlik Y\u00fcksek Konseyi Ba\u015fkan\u0131 Ali \u015eemahani ile temaslarda bulundu. G\u00f6r\u00fc\u015fmede \u015eemahani ter\u00f6rle m\u00fccadelede Suriye, \u0130ran ve Rusya aras\u0131ndaki koordinasyon ve i\u015fbirli\u011finin \u00f6nemine dikkat \u00e7ekerken, \u00fc\u00e7 devlet savunma bakanlar\u0131n\u0131n d\u00fcn d\u00fczenledikleri toplant\u0131n\u0131n sonu\u00e7lar\u0131ndan &hellip;<\/p>\n","protected":false},"author":1,"featured_media":75912,"comment_status":"closed","ping_status":"closed","sticky":false,"template":"","format":"standard","meta":{"footnotes":""},"categories":[458,459,17988],"tags":[21682],"class_list":["post-75884","post","type-post","status-publish","format-standard","has-post-thumbnail","","category-dunya1","category-haberler-arap-uluslararasi-politika","category-son-haberler","tag-savas-azim-ve-kararlilikla-devam-edecektir"],"_links":{"self":[{"href":"https:\/\/archive.sana.sy\/tr\/index.php?rest_route=\/wp\/v2\/posts\/75884","targetHints":{"allow":["GET"]}}],"collection":[{"href":"https:\/\/archive.sana.sy\/tr\/index.php?rest_route=\/wp\/v2\/posts"}],"about":[{"href":"https:\/\/archive.sana.sy\/tr\/index.php?rest_route=\/wp\/v2\/types\/post"}],"author":[{"embeddable":true,"href":"https:\/\/archive.sana.sy\/tr\/index.php?rest_route=\/wp\/v2\/users\/1"}],"replies":[{"embeddable":true,"href":"https:\/\/archive.sana.sy\/tr\/index.php?rest_route=%2Fwp%2Fv2%2Fcomments&post=75884"}],"version-history":[{"count":0,"href":"https:\/\/archive.sana.sy\/tr\/index.php?rest_route=\/wp\/v2\/posts\/75884\/revisions"}],"wp:featuredmedia":[{"embeddable":true,"href":"https:\/\/archive.sana.sy\/tr\/index.php?rest_route=\/wp\/v2\/media\/75912"}],"wp:attachment":[{"href":"https:\/\/archive.sana.sy\/tr\/index.php?rest_route=%2Fwp%2Fv2%2Fmedia&parent=75884"}],"wp:term":[{"taxonomy":"category","embeddable":true,"href":"https:\/\/archive.sana.sy\/tr\/index.php?rest_route=%2Fwp%2Fv2%2Fcategories&post=75884"},{"taxonomy":"post_tag","embeddable":true,"href":"https:\/\/archive.sana.sy\/tr\/index.php?rest_route=%2Fwp%2Fv2%2Ftags&post=75884"}],"curies":[{"name":"wp","href":"https:\/\/api.w.org\/{rel}","templated":true}]}}