{"id":75891,"date":"2016-06-10T15:59:37","date_gmt":"2016-06-10T12:59:37","guid":{"rendered":"http:\/\/sana.sy\/tr\/?p=75891"},"modified":"2016-06-10T15:59:37","modified_gmt":"2016-06-10T12:59:37","slug":"rusya-disisleri-bakanligi-turk-askeri-danismanlarin-halepteki-catismalarda-teroristlerin-saflarinda-bulunduklari-yonunde-haberlerin-bulundugunu-ifade-etti%e2%80%8f","status":"publish","type":"post","link":"https:\/\/archive.sana.sy\/tr\/?p=75891","title":{"rendered":"Rusya D\u0131\u015fi\u015fleri Bakanl\u0131\u011f\u0131; T\u00fcrk askeri dan\u0131\u015fmanlar\u0131n Halep&#8217;teki \u00e7at\u0131\u015fmalarda ter\u00f6ristlerin saflar\u0131nda bulunduklar\u0131 y\u00f6n\u00fcnde haberlerin bulundu\u011funu ifade etti\u200f"},"content":{"rendered":"<p>Rusya D\u0131\u015fi\u015fleri Bakanl\u0131\u011f\u0131; T\u00fcrk askeri dan\u0131\u015fmanlar\u0131n Halep&#8217;teki \u00e7at\u0131\u015fmalarda ter\u00f6ristlerin saflar\u0131nda bulunduklar\u0131 y\u00f6n\u00fcnde haberlerin bulundu\u011funu ifade etti\u200f<\/p>\n","protected":false},"excerpt":{"rendered":"<p>Rusya D\u0131\u015fi\u015fleri Bakanl\u0131\u011f\u0131; T\u00fcrk askeri dan\u0131\u015fmanlar\u0131n Halep&#8217;teki \u00e7at\u0131\u015fmalarda ter\u00f6ristlerin saflar\u0131nda bulunduklar\u0131 y\u00f6n\u00fcnde haberlerin bulundu\u011funu ifade etti\u200f<\/p>\n","protected":false},"author":1,"featured_media":0,"comment_status":"closed","ping_status":"closed","sticky":false,"template":"","format":"standard","meta":{"footnotes":""},"categories":[17991],"tags":[],"class_list":["post-75891","post","type-post","status-publish","format-standard","","category-son-dakika"],"_links":{"self":[{"href":"https:\/\/archive.sana.sy\/tr\/index.php?rest_route=\/wp\/v2\/posts\/75891","targetHints":{"allow":["GET"]}}],"collection":[{"href":"https:\/\/archive.sana.sy\/tr\/index.php?rest_route=\/wp\/v2\/posts"}],"about":[{"href":"https:\/\/archive.sana.sy\/tr\/index.php?rest_route=\/wp\/v2\/types\/post"}],"author":[{"embeddable":true,"href":"https:\/\/archive.sana.sy\/tr\/index.php?rest_route=\/wp\/v2\/users\/1"}],"replies":[{"embeddable":true,"href":"https:\/\/archive.sana.sy\/tr\/index.php?rest_route=%2Fwp%2Fv2%2Fcomments&post=75891"}],"version-history":[{"count":0,"href":"https:\/\/archive.sana.sy\/tr\/index.php?rest_route=\/wp\/v2\/posts\/75891\/revisions"}],"wp:attachment":[{"href":"https:\/\/archive.sana.sy\/tr\/index.php?rest_route=%2Fwp%2Fv2%2Fmedia&parent=75891"}],"wp:term":[{"taxonomy":"category","embeddable":true,"href":"https:\/\/archive.sana.sy\/tr\/index.php?rest_route=%2Fwp%2Fv2%2Fcategories&post=75891"},{"taxonomy":"post_tag","embeddable":true,"href":"https:\/\/archive.sana.sy\/tr\/index.php?rest_route=%2Fwp%2Fv2%2Ftags&post=75891"}],"curies":[{"name":"wp","href":"https:\/\/api.w.org\/{rel}","templated":true}]}}