{"id":75899,"date":"2016-06-10T09:57:58","date_gmt":"2016-06-10T06:57:58","guid":{"rendered":"http:\/\/sana.sy\/tr\/?p=75899"},"modified":"2016-06-11T15:07:19","modified_gmt":"2016-06-11T12:07:19","slug":"insani-yardim-konvoyu-gonderildi","status":"publish","type":"post","link":"https:\/\/archive.sana.sy\/tr\/?p=75899","title":{"rendered":"\u0130nsani Yard\u0131m Konvoyu G\u00f6nderildi"},"content":{"rendered":"<p>\u015eAM KIRSALI \u2013 Suriye h\u00fck\u00fcmetinin s\u0131cak b\u00f6lgeler dahil yurdun her kar\u0131\u015f topra\u011f\u0131nda vatanda\u015flar\u0131n ihtiya\u00e7lar\u0131n\u0131 kar\u015f\u0131mla \u00f6zeni kapsam\u0131nda bug\u00fcn \u015eam k\u0131rsal\u0131n\u0131n g\u00fcneybat\u0131s\u0131 Dareyya Kasabas\u0131na insan yard\u0131m ta\u015f\u0131yan bir konvoy g\u00f6nderildi.<\/p>\n<p>Suriye K\u0131z\u0131lay\u2019\u0131n\u0131n BM ile i\u015fbirli\u011fi i\u00e7inde ge\u00e7irdi\u011fi insani yard\u0131m konvoyu, bir ay yetecek muhtelif t\u00fcr g\u0131da maddelerini kasabada bo\u015faltmas\u0131 ard\u0131ndan yine K\u0131z\u0131lay \u00d6rg\u00fct\u00fc ve BM\u2019nin koordinasyonu ile kasaba d\u0131\u015f\u0131na \u00e7\u0131kt\u0131.<\/p>\n<p>K\u0131z\u0131lay \u00d6rg\u00fct\u00fcnden bir kaynak; insani yard\u0131mlarda muhtelif g\u0131da \u00fcr\u00fcnlerinin yan\u0131 s\u0131ra t\u0131bbi ve temizlik maddelerinin de bulundu\u011funu s\u00f6yledi.<\/p>\n","protected":false},"excerpt":{"rendered":"<p>\u015eAM KIRSALI \u2013 Suriye h\u00fck\u00fcmetinin s\u0131cak b\u00f6lgeler dahil yurdun her kar\u0131\u015f topra\u011f\u0131nda vatanda\u015flar\u0131n ihtiya\u00e7lar\u0131n\u0131 kar\u015f\u0131mla \u00f6zeni kapsam\u0131nda bug\u00fcn \u015eam k\u0131rsal\u0131n\u0131n g\u00fcneybat\u0131s\u0131 Dareyya Kasabas\u0131na insan yard\u0131m ta\u015f\u0131yan bir konvoy g\u00f6nderildi. Suriye K\u0131z\u0131lay\u2019\u0131n\u0131n BM ile i\u015fbirli\u011fi i\u00e7inde ge\u00e7irdi\u011fi insani yard\u0131m konvoyu, bir ay yetecek muhtelif t\u00fcr g\u0131da maddelerini kasabada bo\u015faltmas\u0131 ard\u0131ndan yine K\u0131z\u0131lay \u00d6rg\u00fct\u00fc ve BM\u2019nin koordinasyonu &hellip;<\/p>\n","protected":false},"author":1,"featured_media":75900,"comment_status":"closed","ping_status":"closed","sticky":false,"template":"","format":"standard","meta":{"footnotes":""},"categories":[479,575,17988,478],"tags":[21684],"class_list":["post-75899","post","type-post","status-publish","format-standard","has-post-thumbnail","","category-haberler-yerel","category-olaylar-ve-gercekler","category-son-haberler","category-yerel","tag-insani-yardim-konvoyu-gonderildi"],"_links":{"self":[{"href":"https:\/\/archive.sana.sy\/tr\/index.php?rest_route=\/wp\/v2\/posts\/75899","targetHints":{"allow":["GET"]}}],"collection":[{"href":"https:\/\/archive.sana.sy\/tr\/index.php?rest_route=\/wp\/v2\/posts"}],"about":[{"href":"https:\/\/archive.sana.sy\/tr\/index.php?rest_route=\/wp\/v2\/types\/post"}],"author":[{"embeddable":true,"href":"https:\/\/archive.sana.sy\/tr\/index.php?rest_route=\/wp\/v2\/users\/1"}],"replies":[{"embeddable":true,"href":"https:\/\/archive.sana.sy\/tr\/index.php?rest_route=%2Fwp%2Fv2%2Fcomments&post=75899"}],"version-history":[{"count":0,"href":"https:\/\/archive.sana.sy\/tr\/index.php?rest_route=\/wp\/v2\/posts\/75899\/revisions"}],"wp:featuredmedia":[{"embeddable":true,"href":"https:\/\/archive.sana.sy\/tr\/index.php?rest_route=\/wp\/v2\/media\/75900"}],"wp:attachment":[{"href":"https:\/\/archive.sana.sy\/tr\/index.php?rest_route=%2Fwp%2Fv2%2Fmedia&parent=75899"}],"wp:term":[{"taxonomy":"category","embeddable":true,"href":"https:\/\/archive.sana.sy\/tr\/index.php?rest_route=%2Fwp%2Fv2%2Fcategories&post=75899"},{"taxonomy":"post_tag","embeddable":true,"href":"https:\/\/archive.sana.sy\/tr\/index.php?rest_route=%2Fwp%2Fv2%2Ftags&post=75899"}],"curies":[{"name":"wp","href":"https:\/\/api.w.org\/{rel}","templated":true}]}}