{"id":75910,"date":"2016-06-10T17:48:58","date_gmt":"2016-06-10T14:48:58","guid":{"rendered":"http:\/\/sana.sy\/tr\/?p=75910"},"modified":"2016-06-10T17:48:58","modified_gmt":"2016-06-10T14:48:58","slug":"gunun-ilerleyen-saatlerinde-sanaya-aciklama-yapan-kaynak-erdogan-rejimine-tabi-teroristlerin-halep-kentinin-zehra-semtini-fuzelerle-hedef-almalari-sonucunda-1-vatandasin-sehit-6-vatandasin","status":"publish","type":"post","link":"https:\/\/archive.sana.sy\/tr\/?p=75910","title":{"rendered":"G\u00fcn\u00fcn ilerleyen saatlerinde SANA\u2019ya a\u00e7\u0131klama yapan kaynak; Erdo\u011fan rejimine tabi ter\u00f6ristlerin Halep Kentinin Zehra Semtini f\u00fczelerle hedef almalar\u0131 sonucunda 1 vatanda\u015f\u0131n \u015fehit, 6 vatanda\u015f\u0131n da yaral\u0131 d\u00fc\u015ft\u00fc\u011f\u00fcn\u00fc aktar\u0131rken, \u00f6zel m\u00fclklerde b\u00fcy\u00fck hasar\u0131n olu\u015ftu\u011funu belirtti"},"content":{"rendered":"<p>G\u00fcn\u00fcn ilerleyen saatlerinde SANA\u2019ya a\u00e7\u0131klama yapan kaynak; Erdo\u011fan rejimine tabi ter\u00f6ristlerin Halep Kentinin Zehra Semtini f\u00fczelerle hedef almalar\u0131 sonucunda 1 vatanda\u015f\u0131n \u015fehit, 6 vatanda\u015f\u0131n da yaral\u0131 d\u00fc\u015ft\u00fc\u011f\u00fcn\u00fc aktar\u0131rken, \u00f6zel m\u00fclklerde b\u00fcy\u00fck hasar\u0131n olu\u015ftu\u011funu belirtti<\/p>\n","protected":false},"excerpt":{"rendered":"<p>G\u00fcn\u00fcn ilerleyen saatlerinde SANA\u2019ya a\u00e7\u0131klama yapan kaynak; Erdo\u011fan rejimine tabi ter\u00f6ristlerin Halep Kentinin Zehra Semtini f\u00fczelerle hedef almalar\u0131 sonucunda 1 vatanda\u015f\u0131n \u015fehit, 6 vatanda\u015f\u0131n da yaral\u0131 d\u00fc\u015ft\u00fc\u011f\u00fcn\u00fc aktar\u0131rken, \u00f6zel m\u00fclklerde b\u00fcy\u00fck hasar\u0131n olu\u015ftu\u011funu belirtti<\/p>\n","protected":false},"author":1,"featured_media":0,"comment_status":"closed","ping_status":"closed","sticky":false,"template":"","format":"standard","meta":{"footnotes":""},"categories":[17991],"tags":[],"class_list":["post-75910","post","type-post","status-publish","format-standard","","category-son-dakika"],"_links":{"self":[{"href":"https:\/\/archive.sana.sy\/tr\/index.php?rest_route=\/wp\/v2\/posts\/75910","targetHints":{"allow":["GET"]}}],"collection":[{"href":"https:\/\/archive.sana.sy\/tr\/index.php?rest_route=\/wp\/v2\/posts"}],"about":[{"href":"https:\/\/archive.sana.sy\/tr\/index.php?rest_route=\/wp\/v2\/types\/post"}],"author":[{"embeddable":true,"href":"https:\/\/archive.sana.sy\/tr\/index.php?rest_route=\/wp\/v2\/users\/1"}],"replies":[{"embeddable":true,"href":"https:\/\/archive.sana.sy\/tr\/index.php?rest_route=%2Fwp%2Fv2%2Fcomments&post=75910"}],"version-history":[{"count":0,"href":"https:\/\/archive.sana.sy\/tr\/index.php?rest_route=\/wp\/v2\/posts\/75910\/revisions"}],"wp:attachment":[{"href":"https:\/\/archive.sana.sy\/tr\/index.php?rest_route=%2Fwp%2Fv2%2Fmedia&parent=75910"}],"wp:term":[{"taxonomy":"category","embeddable":true,"href":"https:\/\/archive.sana.sy\/tr\/index.php?rest_route=%2Fwp%2Fv2%2Fcategories&post=75910"},{"taxonomy":"post_tag","embeddable":true,"href":"https:\/\/archive.sana.sy\/tr\/index.php?rest_route=%2Fwp%2Fv2%2Ftags&post=75910"}],"curies":[{"name":"wp","href":"https:\/\/api.w.org\/{rel}","templated":true}]}}