{"id":75918,"date":"2016-06-10T09:00:31","date_gmt":"2016-06-10T06:00:31","guid":{"rendered":"http:\/\/sana.sy\/tr\/?p=75918"},"modified":"2016-06-11T15:07:22","modified_gmt":"2016-06-11T12:07:22","slug":"lavrov-alman-ve-fransiz-mevkidaslariyla-telefonda-gorustu","status":"publish","type":"post","link":"https:\/\/archive.sana.sy\/tr\/?p=75918","title":{"rendered":"Lavrov Alman ve Frans\u0131z Mevkida\u015flar\u0131yla Telefonda G\u00f6r\u00fc\u015ft\u00fc"},"content":{"rendered":"<p>MOSKOVA \u2013 Rusya D\u0131\u015fi\u015fleri Bakan\u0131 Sergey Lavrov bug\u00fcn Alman mevkida\u015f\u0131 Frank-Walter Steinmeier ile bulundu\u011fu telefon g\u00f6r\u00fc\u015fmesinde Suriye, Libya ve Ukrayna\u2019daki son durumlar\u0131 ele ald\u0131.<\/p>\n<p>Rusya D\u0131\u015fi\u015fleri Bakanl\u0131\u011f\u0131 bug\u00fcn yay\u0131nlad\u0131\u011f\u0131 beyanda; iki bakan\u0131n ayn\u0131 zamanda bu y\u0131l Almanya\u2019n\u0131n d\u00f6nem ba\u015fkanl\u0131\u011f\u0131n\u0131 yapt\u0131\u011f\u0131 Avrupa G\u00fcvenlik ve \u0130\u015fbirli\u011fi \u00d6rg\u00fct\u00fcn\u00fcn \u00e7al\u0131\u015fmalar\u0131na ili\u015fkin meseleleri g\u00f6r\u00fc\u015ft\u00fcklerini aktard\u0131.<\/p>\n<p>Rus Bakanl\u0131k Lavrov\u2019un ayn\u0131 zamanda Fransa D\u0131\u015fi\u015fleri Bakan\u0131 Jean-Marc Ayrault ile de bir telefon g\u00f6r\u00fc\u015fmesinde bulunarak Fransa\u2019n\u0131n BMGK\u2019nin d\u00f6nem ba\u015fkanl\u0131\u011f\u0131 \u00e7er\u00e7evesinde Libya\u2019daki krizi a\u015fma konusunu ele ald\u0131\u011f\u0131n\u0131 ifade etti.<\/p>\n","protected":false},"excerpt":{"rendered":"<p>MOSKOVA \u2013 Rusya D\u0131\u015fi\u015fleri Bakan\u0131 Sergey Lavrov bug\u00fcn Alman mevkida\u015f\u0131 Frank-Walter Steinmeier ile bulundu\u011fu telefon g\u00f6r\u00fc\u015fmesinde Suriye, Libya ve Ukrayna\u2019daki son durumlar\u0131 ele ald\u0131. Rusya D\u0131\u015fi\u015fleri Bakanl\u0131\u011f\u0131 bug\u00fcn yay\u0131nlad\u0131\u011f\u0131 beyanda; iki bakan\u0131n ayn\u0131 zamanda bu y\u0131l Almanya\u2019n\u0131n d\u00f6nem ba\u015fkanl\u0131\u011f\u0131n\u0131 yapt\u0131\u011f\u0131 Avrupa G\u00fcvenlik ve \u0130\u015fbirli\u011fi \u00d6rg\u00fct\u00fcn\u00fcn \u00e7al\u0131\u015fmalar\u0131na ili\u015fkin meseleleri g\u00f6r\u00fc\u015ft\u00fcklerini aktard\u0131. Rus Bakanl\u0131k Lavrov\u2019un ayn\u0131 zamanda &hellip;<\/p>\n","protected":false},"author":1,"featured_media":75919,"comment_status":"closed","ping_status":"closed","sticky":false,"template":"","format":"standard","meta":{"footnotes":""},"categories":[458,459,17988],"tags":[21686,21687],"class_list":["post-75918","post","type-post","status-publish","format-standard","has-post-thumbnail","","category-dunya1","category-haberler-arap-uluslararasi-politika","category-son-haberler","tag-lavrov-alman-ve-fransiz-mevkidaslariyla-telefonda-gorustu","tag-lavrov-ile-steinmeier-arasinda-telefon-gorusmesi"],"_links":{"self":[{"href":"https:\/\/archive.sana.sy\/tr\/index.php?rest_route=\/wp\/v2\/posts\/75918","targetHints":{"allow":["GET"]}}],"collection":[{"href":"https:\/\/archive.sana.sy\/tr\/index.php?rest_route=\/wp\/v2\/posts"}],"about":[{"href":"https:\/\/archive.sana.sy\/tr\/index.php?rest_route=\/wp\/v2\/types\/post"}],"author":[{"embeddable":true,"href":"https:\/\/archive.sana.sy\/tr\/index.php?rest_route=\/wp\/v2\/users\/1"}],"replies":[{"embeddable":true,"href":"https:\/\/archive.sana.sy\/tr\/index.php?rest_route=%2Fwp%2Fv2%2Fcomments&post=75918"}],"version-history":[{"count":0,"href":"https:\/\/archive.sana.sy\/tr\/index.php?rest_route=\/wp\/v2\/posts\/75918\/revisions"}],"wp:featuredmedia":[{"embeddable":true,"href":"https:\/\/archive.sana.sy\/tr\/index.php?rest_route=\/wp\/v2\/media\/75919"}],"wp:attachment":[{"href":"https:\/\/archive.sana.sy\/tr\/index.php?rest_route=%2Fwp%2Fv2%2Fmedia&parent=75918"}],"wp:term":[{"taxonomy":"category","embeddable":true,"href":"https:\/\/archive.sana.sy\/tr\/index.php?rest_route=%2Fwp%2Fv2%2Fcategories&post=75918"},{"taxonomy":"post_tag","embeddable":true,"href":"https:\/\/archive.sana.sy\/tr\/index.php?rest_route=%2Fwp%2Fv2%2Ftags&post=75918"}],"curies":[{"name":"wp","href":"https:\/\/api.w.org\/{rel}","templated":true}]}}