{"id":76024,"date":"2016-06-11T10:31:10","date_gmt":"2016-06-11T07:31:10","guid":{"rendered":"http:\/\/www.sana.sy\/tr\/?p=76024"},"modified":"2016-06-11T13:06:03","modified_gmt":"2016-06-11T10:06:03","slug":"somurucu-devletler-ve-bolgede-taseron-rejimlerin-destekledikleri-teroristler-bugun-sabah-saatlerinde-sam-kirsalinin-guneyi-seyyide-zeynep-beldesinde-canli-bomba-ile-iki-teror-eyleminde-bulundular","status":"publish","type":"post","link":"https:\/\/archive.sana.sy\/tr\/?p=76024","title":{"rendered":"S\u00f6m\u00fcr\u00fcc\u00fc devletler ve b\u00f6lgede ta\u015feron rejimlerin destekledikleri ter\u00f6ristler bug\u00fcn sabah saatlerinde \u015eam k\u0131rsal\u0131n\u0131n g\u00fcneyi Seyyide Zeynep Beldesinde canl\u0131 bomba ile iki ter\u00f6r eyleminde bulundular"},"content":{"rendered":"<p>S\u00f6m\u00fcr\u00fcc\u00fc devletler ve b\u00f6lgede ta\u015feron rejimlerin destekledikleri ter\u00f6ristler bug\u00fcn sabah saatlerinde \u015eam k\u0131rsal\u0131n\u0131n g\u00fcneyi Seyyide Zeynep Beldesinde canl\u0131 bomba ile iki ter\u00f6r eyleminde bulundular<\/p>\n","protected":false},"excerpt":{"rendered":"<p>S\u00f6m\u00fcr\u00fcc\u00fc devletler ve b\u00f6lgede ta\u015feron rejimlerin destekledikleri ter\u00f6ristler bug\u00fcn sabah saatlerinde \u015eam k\u0131rsal\u0131n\u0131n g\u00fcneyi Seyyide Zeynep Beldesinde canl\u0131 bomba ile iki ter\u00f6r eyleminde bulundular<\/p>\n","protected":false},"author":1,"featured_media":0,"comment_status":"closed","ping_status":"closed","sticky":false,"template":"","format":"standard","meta":{"footnotes":""},"categories":[17991],"tags":[],"class_list":["post-76024","post","type-post","status-publish","format-standard","","category-son-dakika"],"_links":{"self":[{"href":"https:\/\/archive.sana.sy\/tr\/index.php?rest_route=\/wp\/v2\/posts\/76024","targetHints":{"allow":["GET"]}}],"collection":[{"href":"https:\/\/archive.sana.sy\/tr\/index.php?rest_route=\/wp\/v2\/posts"}],"about":[{"href":"https:\/\/archive.sana.sy\/tr\/index.php?rest_route=\/wp\/v2\/types\/post"}],"author":[{"embeddable":true,"href":"https:\/\/archive.sana.sy\/tr\/index.php?rest_route=\/wp\/v2\/users\/1"}],"replies":[{"embeddable":true,"href":"https:\/\/archive.sana.sy\/tr\/index.php?rest_route=%2Fwp%2Fv2%2Fcomments&post=76024"}],"version-history":[{"count":0,"href":"https:\/\/archive.sana.sy\/tr\/index.php?rest_route=\/wp\/v2\/posts\/76024\/revisions"}],"wp:attachment":[{"href":"https:\/\/archive.sana.sy\/tr\/index.php?rest_route=%2Fwp%2Fv2%2Fmedia&parent=76024"}],"wp:term":[{"taxonomy":"category","embeddable":true,"href":"https:\/\/archive.sana.sy\/tr\/index.php?rest_route=%2Fwp%2Fv2%2Fcategories&post=76024"},{"taxonomy":"post_tag","embeddable":true,"href":"https:\/\/archive.sana.sy\/tr\/index.php?rest_route=%2Fwp%2Fv2%2Ftags&post=76024"}],"curies":[{"name":"wp","href":"https:\/\/api.w.org\/{rel}","templated":true}]}}