{"id":76030,"date":"2016-06-11T10:36:47","date_gmt":"2016-06-11T07:36:47","guid":{"rendered":"http:\/\/www.sana.sy\/tr\/?p=76030"},"modified":"2016-06-11T13:06:38","modified_gmt":"2016-06-11T10:06:38","slug":"sam-cevre-kent-valiliginde-yetkili-bir-kaynak-sanaya-aciklamasinda-sabah-saatlerinde-intihar-eylemcisi-canli-bir-bombanin-patlayici-kemeri-ile-seyyide-zeyneb-beldesinin-diyyabiye-beldesi-yon","status":"publish","type":"post","link":"https:\/\/archive.sana.sy\/tr\/?p=76030","title":{"rendered":"\u015eam \u00c7evre Kent Valili\u011finde yetkili bir kaynak SANA\u2019ya a\u00e7\u0131klamas\u0131nda; sabah saatlerinde intihar eylemcisi canl\u0131 bir bomban\u0131n patlay\u0131c\u0131 kemeri ile Seyyide Zeyneb Beldesinin Diyyabiye Beldesi y\u00f6n\u00fcnde kendini havaya u\u00e7urdu\u011funu belirtti"},"content":{"rendered":"<p>\u015eam \u00c7evre Kent Valili\u011finde yetkili bir kaynak SANA\u2019ya a\u00e7\u0131klamas\u0131nda; sabah saatlerinde intihar eylemcisi canl\u0131 bir bomban\u0131n patlay\u0131c\u0131 kemeri ile Seyyide Zeyneb Beldesinin Diyyabiye Beldesi y\u00f6n\u00fcnde kendini havaya u\u00e7urdu\u011funu belirtti<\/p>\n","protected":false},"excerpt":{"rendered":"<p>\u015eam \u00c7evre Kent Valili\u011finde yetkili bir kaynak SANA\u2019ya a\u00e7\u0131klamas\u0131nda; sabah saatlerinde intihar eylemcisi canl\u0131 bir bomban\u0131n patlay\u0131c\u0131 kemeri ile Seyyide Zeyneb Beldesinin Diyyabiye Beldesi y\u00f6n\u00fcnde kendini havaya u\u00e7urdu\u011funu belirtti<\/p>\n","protected":false},"author":1,"featured_media":0,"comment_status":"closed","ping_status":"closed","sticky":false,"template":"","format":"standard","meta":{"footnotes":""},"categories":[17991],"tags":[],"class_list":["post-76030","post","type-post","status-publish","format-standard","","category-son-dakika"],"_links":{"self":[{"href":"https:\/\/archive.sana.sy\/tr\/index.php?rest_route=\/wp\/v2\/posts\/76030","targetHints":{"allow":["GET"]}}],"collection":[{"href":"https:\/\/archive.sana.sy\/tr\/index.php?rest_route=\/wp\/v2\/posts"}],"about":[{"href":"https:\/\/archive.sana.sy\/tr\/index.php?rest_route=\/wp\/v2\/types\/post"}],"author":[{"embeddable":true,"href":"https:\/\/archive.sana.sy\/tr\/index.php?rest_route=\/wp\/v2\/users\/1"}],"replies":[{"embeddable":true,"href":"https:\/\/archive.sana.sy\/tr\/index.php?rest_route=%2Fwp%2Fv2%2Fcomments&post=76030"}],"version-history":[{"count":0,"href":"https:\/\/archive.sana.sy\/tr\/index.php?rest_route=\/wp\/v2\/posts\/76030\/revisions"}],"wp:attachment":[{"href":"https:\/\/archive.sana.sy\/tr\/index.php?rest_route=%2Fwp%2Fv2%2Fmedia&parent=76030"}],"wp:term":[{"taxonomy":"category","embeddable":true,"href":"https:\/\/archive.sana.sy\/tr\/index.php?rest_route=%2Fwp%2Fv2%2Fcategories&post=76030"},{"taxonomy":"post_tag","embeddable":true,"href":"https:\/\/archive.sana.sy\/tr\/index.php?rest_route=%2Fwp%2Fv2%2Ftags&post=76030"}],"curies":[{"name":"wp","href":"https:\/\/api.w.org\/{rel}","templated":true}]}}