{"id":76033,"date":"2016-06-11T10:40:20","date_gmt":"2016-06-11T07:40:20","guid":{"rendered":"http:\/\/www.sana.sy\/tr\/?p=76033"},"modified":"2016-06-11T13:07:05","modified_gmt":"2016-06-11T10:07:05","slug":"kaynak-ardindan-ikinci-bir-canli-bombanin-seyyide-zeyneb-beldesi-kenarlarina-dusen-tiyn-caddesinde-bombali-bir-aracla-kendini-havaya-ucurdugunu-aktardi","status":"publish","type":"post","link":"https:\/\/archive.sana.sy\/tr\/?p=76033","title":{"rendered":"Kaynak ard\u0131ndan ikinci bir canl\u0131 bomban\u0131n Seyyide Zeyneb Beldesi kenarlar\u0131na d\u00fc\u015fen Tiyn Caddesinde bombal\u0131 bir ara\u00e7la kendini havaya u\u00e7urdu\u011funu aktard\u0131"},"content":{"rendered":"<p>Kaynak ard\u0131ndan ikinci bir canl\u0131 bomban\u0131n Seyyide Zeyneb Beldesi kenarlar\u0131na d\u00fc\u015fen Tiyn Caddesinde bombal\u0131 bir ara\u00e7la kendini havaya u\u00e7urdu\u011funu aktard\u0131<\/p>\n","protected":false},"excerpt":{"rendered":"<p>Kaynak ard\u0131ndan ikinci bir canl\u0131 bomban\u0131n Seyyide Zeyneb Beldesi kenarlar\u0131na d\u00fc\u015fen Tiyn Caddesinde bombal\u0131 bir ara\u00e7la kendini havaya u\u00e7urdu\u011funu aktard\u0131<\/p>\n","protected":false},"author":1,"featured_media":0,"comment_status":"closed","ping_status":"closed","sticky":false,"template":"","format":"standard","meta":{"footnotes":""},"categories":[17991],"tags":[],"class_list":["post-76033","post","type-post","status-publish","format-standard","","category-son-dakika"],"_links":{"self":[{"href":"https:\/\/archive.sana.sy\/tr\/index.php?rest_route=\/wp\/v2\/posts\/76033","targetHints":{"allow":["GET"]}}],"collection":[{"href":"https:\/\/archive.sana.sy\/tr\/index.php?rest_route=\/wp\/v2\/posts"}],"about":[{"href":"https:\/\/archive.sana.sy\/tr\/index.php?rest_route=\/wp\/v2\/types\/post"}],"author":[{"embeddable":true,"href":"https:\/\/archive.sana.sy\/tr\/index.php?rest_route=\/wp\/v2\/users\/1"}],"replies":[{"embeddable":true,"href":"https:\/\/archive.sana.sy\/tr\/index.php?rest_route=%2Fwp%2Fv2%2Fcomments&post=76033"}],"version-history":[{"count":0,"href":"https:\/\/archive.sana.sy\/tr\/index.php?rest_route=\/wp\/v2\/posts\/76033\/revisions"}],"wp:attachment":[{"href":"https:\/\/archive.sana.sy\/tr\/index.php?rest_route=%2Fwp%2Fv2%2Fmedia&parent=76033"}],"wp:term":[{"taxonomy":"category","embeddable":true,"href":"https:\/\/archive.sana.sy\/tr\/index.php?rest_route=%2Fwp%2Fv2%2Fcategories&post=76033"},{"taxonomy":"post_tag","embeddable":true,"href":"https:\/\/archive.sana.sy\/tr\/index.php?rest_route=%2Fwp%2Fv2%2Ftags&post=76033"}],"curies":[{"name":"wp","href":"https:\/\/api.w.org\/{rel}","templated":true}]}}