{"id":76035,"date":"2016-06-11T10:45:53","date_gmt":"2016-06-11T07:45:53","guid":{"rendered":"http:\/\/www.sana.sy\/tr\/?p=76035"},"modified":"2016-06-11T13:07:33","modified_gmt":"2016-06-11T10:07:33","slug":"kaynak-bombali-teror-eylemlerinde-aralarinda-cocuk-ve-kadinlarin-bulundugu-bircok-vatandasin-sehit-ve-yarali-dustuklerini-ifade-ederken-ozel-ve-kamu-mulklerde-buyuk-hasarlarin-olustugunu-sozlerine-ek","status":"publish","type":"post","link":"https:\/\/archive.sana.sy\/tr\/?p=76035","title":{"rendered":"Kaynak bombal\u0131 ter\u00f6r eylemlerinde aralar\u0131nda \u00e7ocuk ve kad\u0131nlar\u0131n bulundu\u011fu bir\u00e7ok vatanda\u015f\u0131n \u015fehit ve yaral\u0131 d\u00fc\u015ft\u00fcklerini ifade ederken, \u00f6zel ve kamu m\u00fclklerde b\u00fcy\u00fck hasarlar\u0131n olu\u015ftu\u011funu s\u00f6zlerine ekledi"},"content":{"rendered":"<p>Kaynak bombal\u0131 ter\u00f6r eylemlerinde aralar\u0131nda \u00e7ocuk ve kad\u0131nlar\u0131n bulundu\u011fu bir\u00e7ok vatanda\u015f\u0131n \u015fehit ve yaral\u0131 d\u00fc\u015ft\u00fcklerini ifade ederken, \u00f6zel ve kamu m\u00fclklerde b\u00fcy\u00fck hasarlar\u0131n olu\u015ftu\u011funu s\u00f6zlerine ekledi<\/p>\n","protected":false},"excerpt":{"rendered":"<p>Kaynak bombal\u0131 ter\u00f6r eylemlerinde aralar\u0131nda \u00e7ocuk ve kad\u0131nlar\u0131n bulundu\u011fu bir\u00e7ok vatanda\u015f\u0131n \u015fehit ve yaral\u0131 d\u00fc\u015ft\u00fcklerini ifade ederken, \u00f6zel ve kamu m\u00fclklerde b\u00fcy\u00fck hasarlar\u0131n olu\u015ftu\u011funu s\u00f6zlerine ekledi<\/p>\n","protected":false},"author":1,"featured_media":0,"comment_status":"closed","ping_status":"closed","sticky":false,"template":"","format":"standard","meta":{"footnotes":""},"categories":[17991],"tags":[],"class_list":["post-76035","post","type-post","status-publish","format-standard","","category-son-dakika"],"_links":{"self":[{"href":"https:\/\/archive.sana.sy\/tr\/index.php?rest_route=\/wp\/v2\/posts\/76035","targetHints":{"allow":["GET"]}}],"collection":[{"href":"https:\/\/archive.sana.sy\/tr\/index.php?rest_route=\/wp\/v2\/posts"}],"about":[{"href":"https:\/\/archive.sana.sy\/tr\/index.php?rest_route=\/wp\/v2\/types\/post"}],"author":[{"embeddable":true,"href":"https:\/\/archive.sana.sy\/tr\/index.php?rest_route=\/wp\/v2\/users\/1"}],"replies":[{"embeddable":true,"href":"https:\/\/archive.sana.sy\/tr\/index.php?rest_route=%2Fwp%2Fv2%2Fcomments&post=76035"}],"version-history":[{"count":0,"href":"https:\/\/archive.sana.sy\/tr\/index.php?rest_route=\/wp\/v2\/posts\/76035\/revisions"}],"wp:attachment":[{"href":"https:\/\/archive.sana.sy\/tr\/index.php?rest_route=%2Fwp%2Fv2%2Fmedia&parent=76035"}],"wp:term":[{"taxonomy":"category","embeddable":true,"href":"https:\/\/archive.sana.sy\/tr\/index.php?rest_route=%2Fwp%2Fv2%2Fcategories&post=76035"},{"taxonomy":"post_tag","embeddable":true,"href":"https:\/\/archive.sana.sy\/tr\/index.php?rest_route=%2Fwp%2Fv2%2Ftags&post=76035"}],"curies":[{"name":"wp","href":"https:\/\/api.w.org\/{rel}","templated":true}]}}