{"id":76040,"date":"2016-06-11T11:16:04","date_gmt":"2016-06-11T08:16:04","guid":{"rendered":"http:\/\/www.sana.sy\/tr\/?p=76040"},"modified":"2016-06-11T13:09:13","modified_gmt":"2016-06-11T10:09:13","slug":"hukumet-dunya-kamuoyunu-insani-ve-ahlaki-sorumlulugunu-ustlenmeye-davet-ederken-terore-her-turlu-destegi-temin-eden-ozellikle-katil-erdogan-al-suud-ve-al-thani-rejimlerine-karsi-etkin-ve-kati-icraat","status":"publish","type":"post","link":"https:\/\/archive.sana.sy\/tr\/?p=76040","title":{"rendered":"H\u00fck\u00fcmet d\u00fcnya kamuoyunu insani ve ahlaki sorumlulu\u011funu \u00fcstlenmeye davet ederken, ter\u00f6re her t\u00fcrl\u00fc deste\u011fi temin eden \u00f6zellikle katil Erdo\u011fan, Al Suud ve Al Thani rejimlerine kar\u015f\u0131 etkin ve kat\u0131 icraatlar al\u0131nmas\u0131 \u00e7a\u011fr\u0131s\u0131nda bulundu"},"content":{"rendered":"<p>H\u00fck\u00fcmet d\u00fcnya kamuoyunu insani ve ahlaki sorumlulu\u011funu \u00fcstlenmeye davet ederken, ter\u00f6re her t\u00fcrl\u00fc deste\u011fi temin eden \u00f6zellikle katil Erdo\u011fan, Al Suud ve Al Thani rejimlerine kar\u015f\u0131 etkin ve kat\u0131 icraatlar al\u0131nmas\u0131 \u00e7a\u011fr\u0131s\u0131nda bulundu<\/p>\n","protected":false},"excerpt":{"rendered":"<p>H\u00fck\u00fcmet d\u00fcnya kamuoyunu insani ve ahlaki sorumlulu\u011funu \u00fcstlenmeye davet ederken, ter\u00f6re her t\u00fcrl\u00fc deste\u011fi temin eden \u00f6zellikle katil Erdo\u011fan, Al Suud ve Al Thani rejimlerine kar\u015f\u0131 etkin ve kat\u0131 icraatlar al\u0131nmas\u0131 \u00e7a\u011fr\u0131s\u0131nda bulundu<\/p>\n","protected":false},"author":1,"featured_media":0,"comment_status":"closed","ping_status":"closed","sticky":false,"template":"","format":"standard","meta":{"footnotes":""},"categories":[17991],"tags":[],"class_list":["post-76040","post","type-post","status-publish","format-standard","","category-son-dakika"],"_links":{"self":[{"href":"https:\/\/archive.sana.sy\/tr\/index.php?rest_route=\/wp\/v2\/posts\/76040","targetHints":{"allow":["GET"]}}],"collection":[{"href":"https:\/\/archive.sana.sy\/tr\/index.php?rest_route=\/wp\/v2\/posts"}],"about":[{"href":"https:\/\/archive.sana.sy\/tr\/index.php?rest_route=\/wp\/v2\/types\/post"}],"author":[{"embeddable":true,"href":"https:\/\/archive.sana.sy\/tr\/index.php?rest_route=\/wp\/v2\/users\/1"}],"replies":[{"embeddable":true,"href":"https:\/\/archive.sana.sy\/tr\/index.php?rest_route=%2Fwp%2Fv2%2Fcomments&post=76040"}],"version-history":[{"count":0,"href":"https:\/\/archive.sana.sy\/tr\/index.php?rest_route=\/wp\/v2\/posts\/76040\/revisions"}],"wp:attachment":[{"href":"https:\/\/archive.sana.sy\/tr\/index.php?rest_route=%2Fwp%2Fv2%2Fmedia&parent=76040"}],"wp:term":[{"taxonomy":"category","embeddable":true,"href":"https:\/\/archive.sana.sy\/tr\/index.php?rest_route=%2Fwp%2Fv2%2Fcategories&post=76040"},{"taxonomy":"post_tag","embeddable":true,"href":"https:\/\/archive.sana.sy\/tr\/index.php?rest_route=%2Fwp%2Fv2%2Ftags&post=76040"}],"curies":[{"name":"wp","href":"https:\/\/api.w.org\/{rel}","templated":true}]}}