{"id":76041,"date":"2016-06-11T11:08:08","date_gmt":"2016-06-11T08:08:08","guid":{"rendered":"http:\/\/www.sana.sy\/tr\/?p=76041"},"modified":"2016-06-11T13:08:50","modified_gmt":"2016-06-11T10:08:50","slug":"sam-kirsalinin-guneyi-seyyide-zeyneb-beldesinde-meydana-gelen-iki-teror-eylemini-keskin-ifadelerle-kinayan-bakanlar-konseyi-aralarinda-cocuk-ve-kadinlarin-bulundugu-savunmasiz-masum-sivillerin-kurban","status":"publish","type":"post","link":"https:\/\/archive.sana.sy\/tr\/?p=76041","title":{"rendered":"\u015eam k\u0131rsal\u0131n\u0131n g\u00fcneyi Seyyide Zeyneb Beldesinde meydana gelen iki ter\u00f6r eylemini keskin ifadelerle k\u0131nayan bakanlar konseyi; aralar\u0131nda \u00e7ocuk ve kad\u0131nlar\u0131n bulundu\u011fu savunmas\u0131z masum sivillerin kurban gittikleri bu vah\u015fetin t\u00fcm sorumlulu\u011funu ter\u00f6r\u00fc muhtelif \u015fekillerde destekleyen rejimlere y\u00fckledi"},"content":{"rendered":"<p>\u015eam k\u0131rsal\u0131n\u0131n g\u00fcneyi Seyyide Zeyneb Beldesinde meydana gelen iki ter\u00f6r eylemini keskin ifadelerle k\u0131nayan bakanlar konseyi; aralar\u0131nda \u00e7ocuk ve kad\u0131nlar\u0131n bulundu\u011fu savunmas\u0131z masum sivillerin kurban gittikleri bu vah\u015fetin t\u00fcm sorumlulu\u011funu ter\u00f6r\u00fc muhtelif \u015fekillerde destekleyen rejimlere y\u00fckledi<\/p>\n","protected":false},"excerpt":{"rendered":"<p>\u015eam k\u0131rsal\u0131n\u0131n g\u00fcneyi Seyyide Zeyneb Beldesinde meydana gelen iki ter\u00f6r eylemini keskin ifadelerle k\u0131nayan bakanlar konseyi; aralar\u0131nda \u00e7ocuk ve kad\u0131nlar\u0131n bulundu\u011fu savunmas\u0131z masum sivillerin kurban gittikleri bu vah\u015fetin t\u00fcm sorumlulu\u011funu ter\u00f6r\u00fc muhtelif \u015fekillerde destekleyen rejimlere y\u00fckledi<\/p>\n","protected":false},"author":1,"featured_media":0,"comment_status":"closed","ping_status":"closed","sticky":false,"template":"","format":"standard","meta":{"footnotes":""},"categories":[17991],"tags":[],"class_list":["post-76041","post","type-post","status-publish","format-standard","","category-son-dakika"],"_links":{"self":[{"href":"https:\/\/archive.sana.sy\/tr\/index.php?rest_route=\/wp\/v2\/posts\/76041","targetHints":{"allow":["GET"]}}],"collection":[{"href":"https:\/\/archive.sana.sy\/tr\/index.php?rest_route=\/wp\/v2\/posts"}],"about":[{"href":"https:\/\/archive.sana.sy\/tr\/index.php?rest_route=\/wp\/v2\/types\/post"}],"author":[{"embeddable":true,"href":"https:\/\/archive.sana.sy\/tr\/index.php?rest_route=\/wp\/v2\/users\/1"}],"replies":[{"embeddable":true,"href":"https:\/\/archive.sana.sy\/tr\/index.php?rest_route=%2Fwp%2Fv2%2Fcomments&post=76041"}],"version-history":[{"count":0,"href":"https:\/\/archive.sana.sy\/tr\/index.php?rest_route=\/wp\/v2\/posts\/76041\/revisions"}],"wp:attachment":[{"href":"https:\/\/archive.sana.sy\/tr\/index.php?rest_route=%2Fwp%2Fv2%2Fmedia&parent=76041"}],"wp:term":[{"taxonomy":"category","embeddable":true,"href":"https:\/\/archive.sana.sy\/tr\/index.php?rest_route=%2Fwp%2Fv2%2Fcategories&post=76041"},{"taxonomy":"post_tag","embeddable":true,"href":"https:\/\/archive.sana.sy\/tr\/index.php?rest_route=%2Fwp%2Fv2%2Ftags&post=76041"}],"curies":[{"name":"wp","href":"https:\/\/api.w.org\/{rel}","templated":true}]}}