{"id":76043,"date":"2016-06-11T13:30:02","date_gmt":"2016-06-11T10:30:02","guid":{"rendered":"http:\/\/www.sana.sy\/tr\/?p=76043"},"modified":"2016-06-11T13:30:02","modified_gmt":"2016-06-11T10:30:02","slug":"sananin-halep-muhabiri-erdogan-rejimine-tabi-teroristlerin-kentin-sivil-yerlesim-alanlarindan-hamadaniye-ve-seyh-maksud-semtlerini-fuze-ve-patlayici-mermilerle-saldirmalari-sonucunda-2-vatand","status":"publish","type":"post","link":"https:\/\/archive.sana.sy\/tr\/?p=76043","title":{"rendered":"SANA\u2019n\u0131n Halep muhabiri Erdo\u011fan rejimine tabi ter\u00f6ristlerin kentin sivil yerle\u015fim alanlar\u0131ndan Hamadaniye ve \u015eeyh Maksud semtlerini f\u00fcze ve patlay\u0131c\u0131 mermilerle sald\u0131rmalar\u0131 sonucunda 2 vatanda\u015f\u0131n yaraland\u0131\u011f\u0131n\u0131 aktard\u0131"},"content":{"rendered":"<p>SANA\u2019n\u0131n Halep muhabiri Erdo\u011fan rejimine tabi ter\u00f6ristlerin kentin sivil yerle\u015fim alanlar\u0131ndan Hamadaniye ve \u015eeyh Maksud semtlerini f\u00fcze ve patlay\u0131c\u0131 mermilerle sald\u0131rmalar\u0131 sonucunda 2 vatanda\u015f\u0131n yaraland\u0131\u011f\u0131n\u0131 aktard\u0131<\/p>\n","protected":false},"excerpt":{"rendered":"<p>SANA\u2019n\u0131n Halep muhabiri Erdo\u011fan rejimine tabi ter\u00f6ristlerin kentin sivil yerle\u015fim alanlar\u0131ndan Hamadaniye ve \u015eeyh Maksud semtlerini f\u00fcze ve patlay\u0131c\u0131 mermilerle sald\u0131rmalar\u0131 sonucunda 2 vatanda\u015f\u0131n yaraland\u0131\u011f\u0131n\u0131 aktard\u0131<\/p>\n","protected":false},"author":1,"featured_media":0,"comment_status":"closed","ping_status":"closed","sticky":false,"template":"","format":"standard","meta":{"footnotes":""},"categories":[17991],"tags":[],"class_list":["post-76043","post","type-post","status-publish","format-standard","","category-son-dakika"],"_links":{"self":[{"href":"https:\/\/archive.sana.sy\/tr\/index.php?rest_route=\/wp\/v2\/posts\/76043","targetHints":{"allow":["GET"]}}],"collection":[{"href":"https:\/\/archive.sana.sy\/tr\/index.php?rest_route=\/wp\/v2\/posts"}],"about":[{"href":"https:\/\/archive.sana.sy\/tr\/index.php?rest_route=\/wp\/v2\/types\/post"}],"author":[{"embeddable":true,"href":"https:\/\/archive.sana.sy\/tr\/index.php?rest_route=\/wp\/v2\/users\/1"}],"replies":[{"embeddable":true,"href":"https:\/\/archive.sana.sy\/tr\/index.php?rest_route=%2Fwp%2Fv2%2Fcomments&post=76043"}],"version-history":[{"count":0,"href":"https:\/\/archive.sana.sy\/tr\/index.php?rest_route=\/wp\/v2\/posts\/76043\/revisions"}],"wp:attachment":[{"href":"https:\/\/archive.sana.sy\/tr\/index.php?rest_route=%2Fwp%2Fv2%2Fmedia&parent=76043"}],"wp:term":[{"taxonomy":"category","embeddable":true,"href":"https:\/\/archive.sana.sy\/tr\/index.php?rest_route=%2Fwp%2Fv2%2Fcategories&post=76043"},{"taxonomy":"post_tag","embeddable":true,"href":"https:\/\/archive.sana.sy\/tr\/index.php?rest_route=%2Fwp%2Fv2%2Ftags&post=76043"}],"curies":[{"name":"wp","href":"https:\/\/api.w.org\/{rel}","templated":true}]}}