{"id":7611,"date":"2014-08-18T13:18:24","date_gmt":"2014-08-18T10:18:24","guid":{"rendered":"http:\/\/www.sana.sy\/tr\/?p=7611"},"modified":"2014-08-19T20:03:00","modified_gmt":"2014-08-19T17:03:00","slug":"kademde-ulusal-uzlasma-anlasmasi-uygulamaya-gecirildi","status":"publish","type":"post","link":"https:\/\/archive.sana.sy\/tr\/?p=7611","title":{"rendered":"Kadem\u2019de Ulusal Uzla\u015fma Anla\u015fmas\u0131 Uygulamaya Ge\u00e7irildi"},"content":{"rendered":"<p>\u015eAM \u2013 Ulusal Uzla\u015fma Merkez Komitesi Ba\u015fkan\u0131 \u015eeyh Cabir \u0130sa; \u015eam\u2019\u0131n Kadem Semtinde ulusal uzla\u015fma anla\u015fmas\u0131n\u0131n bug\u00fcn uygulamaya ge\u00e7ti\u011fini belirtti.<\/p>\n<p><a href=\"http:\/\/www.sana.sy\/tr\/wp-content\/uploads\/2014\/08\/\u015eeyh-Cabir-Mahmut-\u0130sa.jpg\"><img loading=\"lazy\" decoding=\"async\" class=\"alignright wp-image-7612 size-medium\" src=\"http:\/\/www.sana.sy\/tr\/wp-content\/uploads\/2014\/08\/\u015eeyh-Cabir-Mahmut-\u0130sa-300x159.jpg\" alt=\"\u015eeyh Cabir Mahmut \u0130sa\" width=\"300\" height=\"159\" srcset=\"https:\/\/archive.sana.sy\/tr\/wp-content\/uploads\/2014\/08\/\u015eeyh-Cabir-Mahmut-\u0130sa-300x160.jpg 300w, https:\/\/archive.sana.sy\/tr\/wp-content\/uploads\/2014\/08\/\u015eeyh-Cabir-Mahmut-\u0130sa-150x79.jpg 150w, https:\/\/archive.sana.sy\/tr\/wp-content\/uploads\/2014\/08\/\u015eeyh-Cabir-Mahmut-\u0130sa.jpg 620w\" sizes=\"auto, (max-width: 300px) 100vw, 300px\" \/><\/a>SANA\u2019ya a\u00e7\u0131klama yapan \u015eeyh \u0130sa; bu s\u00fcre\u00e7 i\u00e7inde ulusal uzla\u015fma anla\u015fmas\u0131n\u0131n semtin istisnas\u0131z t\u00fcm b\u00f6lgelerini kapsamas\u0131yla birlikte hizmet ve altyap\u0131 kurumlar\u0131n\u0131n onar\u0131l\u0131p ter\u00f6r eylemlerinden ka\u00e7an vatanda\u015flar\u0131n evlerine d\u00f6n\u00fc\u015flerinin temin edilmesi \u00fczerine odakland\u0131\u011f\u0131n\u0131 s\u00f6yledi.<\/p>\n<p>\u015eeyh \u0130sa bir\u00e7ok b\u00f6lgeye ili\u015fkin ulusal uzla\u015fma anla\u015fmalar\u0131n\u0131n sa\u011fland\u0131\u011f\u0131na dikkat \u00e7ekerek, ilan edilmeleri i\u00e7in son r\u00fctu\u015flerin tamamlanmas\u0131n\u0131n beklendi\u011fini ekledi.<\/p>\n<p>Kadem Semtinde ulusal uzla\u015fma anla\u015fmas\u0131n\u0131n bentlerine \u0131\u015f\u0131k tutan \u015eeyh \u0130sa; bu bentlerin aras\u0131nda semtte bulunan silahl\u0131lar\u0131n silahlar\u0131yla teslim olup kanuni durumlar\u0131n\u0131n d\u00fczeltilmesi amac\u0131yla isim listesinin haz\u0131rlanmas\u0131yla birlikte ayr\u0131ca ka\u00e7\u0131r\u0131lm\u0131\u015f vatanda\u015flar\u0131n adlar\u0131n\u0131 kapsayan bir listenin haz\u0131rlanmas\u0131n\u0131n yer ald\u0131\u011f\u0131n\u0131 a\u00e7\u0131klad\u0131. \u015eeyh \u0130sa bentler aras\u0131nda silahl\u0131lar\u0131n kurduklar\u0131 toprak barikatlar\u0131n kald\u0131r\u0131lmas\u0131, hizmet \u015febekelerinin onar\u0131lmas\u0131 ve vatanda\u015flar\u0131n evlerine d\u00f6n\u00fc\u015flerinin temin edilmesinin yer ald\u0131\u011f\u0131n\u0131 ifade etti.<\/p>\n<div style=\"width: 618px;\" class=\"wp-video\"><!--[if lt IE 9]><script>document.createElement('video');<\/script><![endif]-->\n<video class=\"wp-video-shortcode\" id=\"video-7611-1\" width=\"618\" height=\"348\" preload=\"metadata\" controls=\"controls\"><source type=\"video\/x-flv\" src=\"http:\/\/www.sana.sy\/tr\/wp-content\/uploads\/2014\/08\/\u0645\u0635\u0627\u0644\u062d\u0629-\u0641\u064a-\u062d\u064a-\u0627\u0644\u0642\u062f\u0645_1.flv?_=1\" \/><a href=\"http:\/\/www.sana.sy\/tr\/wp-content\/uploads\/2014\/08\/\u0645\u0635\u0627\u0644\u062d\u0629-\u0641\u064a-\u062d\u064a-\u0627\u0644\u0642\u062f\u0645_1.flv\">http:\/\/www.sana.sy\/tr\/wp-content\/uploads\/2014\/08\/\u0645\u0635\u0627\u0644\u062d\u0629-\u0641\u064a-\u062d\u064a-\u0627\u0644\u0642\u062f\u0645_1.flv<\/a><\/video><\/div>\n","protected":false},"excerpt":{"rendered":"<p>\u015eAM \u2013 Ulusal Uzla\u015fma Merkez Komitesi Ba\u015fkan\u0131 \u015eeyh Cabir \u0130sa; \u015eam\u2019\u0131n Kadem Semtinde ulusal uzla\u015fma anla\u015fmas\u0131n\u0131n bug\u00fcn uygulamaya ge\u00e7ti\u011fini belirtti. SANA\u2019ya a\u00e7\u0131klama yapan \u015eeyh \u0130sa; bu s\u00fcre\u00e7 i\u00e7inde ulusal uzla\u015fma anla\u015fmas\u0131n\u0131n semtin istisnas\u0131z t\u00fcm b\u00f6lgelerini kapsamas\u0131yla birlikte hizmet ve altyap\u0131 kurumlar\u0131n\u0131n onar\u0131l\u0131p ter\u00f6r eylemlerinden ka\u00e7an vatanda\u015flar\u0131n evlerine d\u00f6n\u00fc\u015flerinin temin edilmesi \u00fczerine odakland\u0131\u011f\u0131n\u0131 s\u00f6yledi. \u015eeyh \u0130sa &hellip;<\/p>\n","protected":false},"author":1,"featured_media":7657,"comment_status":"closed","ping_status":"closed","sticky":false,"template":"","format":"standard","meta":{"footnotes":""},"categories":[479,575,478],"tags":[1697],"class_list":["post-7611","post","type-post","status-publish","format-standard","has-post-thumbnail","","category-haberler-yerel","category-olaylar-ve-gercekler","category-yerel","tag-kademde-ulusal-uzlasma-anlasmasi-uygulamaya-gecirildi"],"_links":{"self":[{"href":"https:\/\/archive.sana.sy\/tr\/index.php?rest_route=\/wp\/v2\/posts\/7611","targetHints":{"allow":["GET"]}}],"collection":[{"href":"https:\/\/archive.sana.sy\/tr\/index.php?rest_route=\/wp\/v2\/posts"}],"about":[{"href":"https:\/\/archive.sana.sy\/tr\/index.php?rest_route=\/wp\/v2\/types\/post"}],"author":[{"embeddable":true,"href":"https:\/\/archive.sana.sy\/tr\/index.php?rest_route=\/wp\/v2\/users\/1"}],"replies":[{"embeddable":true,"href":"https:\/\/archive.sana.sy\/tr\/index.php?rest_route=%2Fwp%2Fv2%2Fcomments&post=7611"}],"version-history":[{"count":0,"href":"https:\/\/archive.sana.sy\/tr\/index.php?rest_route=\/wp\/v2\/posts\/7611\/revisions"}],"wp:featuredmedia":[{"embeddable":true,"href":"https:\/\/archive.sana.sy\/tr\/index.php?rest_route=\/wp\/v2\/media\/7657"}],"wp:attachment":[{"href":"https:\/\/archive.sana.sy\/tr\/index.php?rest_route=%2Fwp%2Fv2%2Fmedia&parent=7611"}],"wp:term":[{"taxonomy":"category","embeddable":true,"href":"https:\/\/archive.sana.sy\/tr\/index.php?rest_route=%2Fwp%2Fv2%2Fcategories&post=7611"},{"taxonomy":"post_tag","embeddable":true,"href":"https:\/\/archive.sana.sy\/tr\/index.php?rest_route=%2Fwp%2Fv2%2Ftags&post=7611"}],"curies":[{"name":"wp","href":"https:\/\/api.w.org\/{rel}","templated":true}]}}