{"id":76116,"date":"2016-06-11T09:45:45","date_gmt":"2016-06-11T06:45:45","guid":{"rendered":"http:\/\/www.sana.sy\/tr\/?p=76116"},"modified":"2016-06-12T14:44:26","modified_gmt":"2016-06-12T11:44:26","slug":"2-altin-1-bronz-madalya","status":"publish","type":"post","link":"https:\/\/archive.sana.sy\/tr\/?p=76116","title":{"rendered":"2 Alt\u0131n 1 Bronz Madalya"},"content":{"rendered":"<p>\u015eAM \u2013 Berada Triatlon Tak\u0131m\u0131 L\u00fcbnan\u2019da d\u00fczenlenen Uluslararas\u0131 Triatlon \u015eampiyonas\u0131nda 2 alt\u0131n, 1 bronz madalya kazand\u0131.<\/p>\n<p>Bayanlar yar\u0131\u015fmas\u0131nda Visal Saluha alt\u0131n madalya kazan\u0131rken, Cuman Ahmet ise bronz madalya kazand\u0131. Erkeklerde ise Yusuf Saruca, \u00d6mer Abbas ve Ahmet \u0130brahim tak\u0131m olarak bir alt\u0131n madalya kazand\u0131.<\/p>\n<p>Milli Triatlon tak\u0131m\u0131m\u0131z daha \u00f6nce Nisan ay\u0131 ortalar\u0131nda Filipinlerde d\u00fczenlenen uluslar aras\u0131 triatlon \u015fampiyonas\u0131na kat\u0131lm\u0131\u015f ve 2 alt\u0131n madalya kazanm\u0131\u015flard\u0131.<\/p>\n","protected":false},"excerpt":{"rendered":"<p>\u015eAM \u2013 Berada Triatlon Tak\u0131m\u0131 L\u00fcbnan\u2019da d\u00fczenlenen Uluslararas\u0131 Triatlon \u015eampiyonas\u0131nda 2 alt\u0131n, 1 bronz madalya kazand\u0131. Bayanlar yar\u0131\u015fmas\u0131nda Visal Saluha alt\u0131n madalya kazan\u0131rken, Cuman Ahmet ise bronz madalya kazand\u0131. Erkeklerde ise Yusuf Saruca, \u00d6mer Abbas ve Ahmet \u0130brahim tak\u0131m olarak bir alt\u0131n madalya kazand\u0131. Milli Triatlon tak\u0131m\u0131m\u0131z daha \u00f6nce Nisan ay\u0131 ortalar\u0131nda Filipinlerde d\u00fczenlenen uluslar &hellip;<\/p>\n","protected":false},"author":1,"featured_media":76117,"comment_status":"closed","ping_status":"closed","sticky":false,"template":"","format":"standard","meta":{"footnotes":""},"categories":[498,17988,496],"tags":[21699],"class_list":["post-76116","post","type-post","status-publish","format-standard","has-post-thumbnail","","category-dunya-turnuvalari","category-son-haberler","category-spor","tag-2-altin-1-bronz-madalya"],"_links":{"self":[{"href":"https:\/\/archive.sana.sy\/tr\/index.php?rest_route=\/wp\/v2\/posts\/76116","targetHints":{"allow":["GET"]}}],"collection":[{"href":"https:\/\/archive.sana.sy\/tr\/index.php?rest_route=\/wp\/v2\/posts"}],"about":[{"href":"https:\/\/archive.sana.sy\/tr\/index.php?rest_route=\/wp\/v2\/types\/post"}],"author":[{"embeddable":true,"href":"https:\/\/archive.sana.sy\/tr\/index.php?rest_route=\/wp\/v2\/users\/1"}],"replies":[{"embeddable":true,"href":"https:\/\/archive.sana.sy\/tr\/index.php?rest_route=%2Fwp%2Fv2%2Fcomments&post=76116"}],"version-history":[{"count":0,"href":"https:\/\/archive.sana.sy\/tr\/index.php?rest_route=\/wp\/v2\/posts\/76116\/revisions"}],"wp:featuredmedia":[{"embeddable":true,"href":"https:\/\/archive.sana.sy\/tr\/index.php?rest_route=\/wp\/v2\/media\/76117"}],"wp:attachment":[{"href":"https:\/\/archive.sana.sy\/tr\/index.php?rest_route=%2Fwp%2Fv2%2Fmedia&parent=76116"}],"wp:term":[{"taxonomy":"category","embeddable":true,"href":"https:\/\/archive.sana.sy\/tr\/index.php?rest_route=%2Fwp%2Fv2%2Fcategories&post=76116"},{"taxonomy":"post_tag","embeddable":true,"href":"https:\/\/archive.sana.sy\/tr\/index.php?rest_route=%2Fwp%2Fv2%2Ftags&post=76116"}],"curies":[{"name":"wp","href":"https:\/\/api.w.org\/{rel}","templated":true}]}}