{"id":7614,"date":"2014-08-18T17:05:36","date_gmt":"2014-08-18T14:05:36","guid":{"rendered":"http:\/\/www.sana.sy\/tr\/?p=7614"},"modified":"2014-08-18T17:07:02","modified_gmt":"2014-08-18T14:07:02","slug":"yuksek-gerilim-hatlarina-saldirdilar","status":"publish","type":"post","link":"https:\/\/archive.sana.sy\/tr\/?p=7614","title":{"rendered":"Y\u00fcksek Gerilim Hatlar\u0131na Sald\u0131rd\u0131lar"},"content":{"rendered":"<p>\u015eAM \u2013 Elektrik Bakanl\u0131\u011f\u0131nda bir kaynak hain ve tekfirci ter\u00f6r \u00e7etelerin Orta B\u00f6lgede 4 y\u00fcksek gerilim hatt\u0131na sald\u0131rarak sabote ettiklerini belirtti.<\/p>\n<p>Kaynak ter\u00f6ristlerin bu sald\u0131r\u0131lar\u0131 sonucunda Homs, Hama, \u0130dlib, Halep ve Deyrezzor illerini elektrikle besleyen bir k\u0131s\u0131m elektrik santrallerinin hizmet d\u0131\u015f\u0131 kalmalar\u0131yla s\u00f6z konusu illerde elektrik kesintisi saatlerinin artt\u0131\u011f\u0131n\u0131 s\u00f6yledi.<\/p>\n<p>Bakanl\u0131k kayna\u011f\u0131 ar\u0131za ekiplerinin derhal harekete ge\u00e7tiklerini ve sabote edilen y\u00fcksek gerilim hatlar\u0131n\u0131 en k\u0131sa zamanda onar\u0131p yeniden hizmete koyacaklar\u0131n\u0131 ifade etti.<\/p>\n","protected":false},"excerpt":{"rendered":"<p>\u015eAM \u2013 Elektrik Bakanl\u0131\u011f\u0131nda bir kaynak hain ve tekfirci ter\u00f6r \u00e7etelerin Orta B\u00f6lgede 4 y\u00fcksek gerilim hatt\u0131na sald\u0131rarak sabote ettiklerini belirtti. Kaynak ter\u00f6ristlerin bu sald\u0131r\u0131lar\u0131 sonucunda Homs, Hama, \u0130dlib, Halep ve Deyrezzor illerini elektrikle besleyen bir k\u0131s\u0131m elektrik santrallerinin hizmet d\u0131\u015f\u0131 kalmalar\u0131yla s\u00f6z konusu illerde elektrik kesintisi saatlerinin artt\u0131\u011f\u0131n\u0131 s\u00f6yledi. Bakanl\u0131k kayna\u011f\u0131 ar\u0131za ekiplerinin derhal &hellip;<\/p>\n","protected":false},"author":1,"featured_media":7615,"comment_status":"closed","ping_status":"closed","sticky":false,"template":"","format":"standard","meta":{"footnotes":""},"categories":[479,575,478],"tags":[1698],"class_list":["post-7614","post","type-post","status-publish","format-standard","has-post-thumbnail","","category-haberler-yerel","category-olaylar-ve-gercekler","category-yerel","tag-yuksek-gerilim-hatlarina-saldirdilar"],"_links":{"self":[{"href":"https:\/\/archive.sana.sy\/tr\/index.php?rest_route=\/wp\/v2\/posts\/7614","targetHints":{"allow":["GET"]}}],"collection":[{"href":"https:\/\/archive.sana.sy\/tr\/index.php?rest_route=\/wp\/v2\/posts"}],"about":[{"href":"https:\/\/archive.sana.sy\/tr\/index.php?rest_route=\/wp\/v2\/types\/post"}],"author":[{"embeddable":true,"href":"https:\/\/archive.sana.sy\/tr\/index.php?rest_route=\/wp\/v2\/users\/1"}],"replies":[{"embeddable":true,"href":"https:\/\/archive.sana.sy\/tr\/index.php?rest_route=%2Fwp%2Fv2%2Fcomments&post=7614"}],"version-history":[{"count":0,"href":"https:\/\/archive.sana.sy\/tr\/index.php?rest_route=\/wp\/v2\/posts\/7614\/revisions"}],"wp:featuredmedia":[{"embeddable":true,"href":"https:\/\/archive.sana.sy\/tr\/index.php?rest_route=\/wp\/v2\/media\/7615"}],"wp:attachment":[{"href":"https:\/\/archive.sana.sy\/tr\/index.php?rest_route=%2Fwp%2Fv2%2Fmedia&parent=7614"}],"wp:term":[{"taxonomy":"category","embeddable":true,"href":"https:\/\/archive.sana.sy\/tr\/index.php?rest_route=%2Fwp%2Fv2%2Fcategories&post=7614"},{"taxonomy":"post_tag","embeddable":true,"href":"https:\/\/archive.sana.sy\/tr\/index.php?rest_route=%2Fwp%2Fv2%2Ftags&post=7614"}],"curies":[{"name":"wp","href":"https:\/\/api.w.org\/{rel}","templated":true}]}}