{"id":76151,"date":"2016-06-12T09:41:51","date_gmt":"2016-06-12T06:41:51","guid":{"rendered":"http:\/\/www.sana.sy\/tr\/?p=76151"},"modified":"2016-06-12T13:43:04","modified_gmt":"2016-06-12T10:43:04","slug":"sanaya-aciklama-yapan-askeri-bir-kaynak-ordu-birliklerimizin-sam-kirsalinin-dogusu-badiye-kenarlarinin-tel-arinaba-bolgesinin-kuzeydogusunda-askeri-bir-mevkie-saldiri-girisiminde-bulunan-isid","status":"publish","type":"post","link":"https:\/\/archive.sana.sy\/tr\/?p=76151","title":{"rendered":"SANA\u2019ya a\u00e7\u0131klama yapan askeri bir kaynak ordu birliklerimizin \u015eam k\u0131rsal\u0131n\u0131n do\u011fusu Badiye kenarlar\u0131n\u0131n Tel Arinaba B\u00f6lgesinin kuzeydo\u011fusunda askeri bir mevkie sald\u0131r\u0131 giri\u015fiminde bulunan I\u015e\u0130D tekfircilerini a\u011f\u0131r kay\u0131plara u\u011fratt\u0131klar\u0131n\u0131 belirtti"},"content":{"rendered":"<p>SANA\u2019ya a\u00e7\u0131klama yapan askeri bir kaynak ordu birliklerimizin \u015eam k\u0131rsal\u0131n\u0131n do\u011fusu Badiye kenarlar\u0131n\u0131n Tel Arinaba B\u00f6lgesinin kuzeydo\u011fusunda askeri bir mevkie sald\u0131r\u0131 giri\u015fiminde bulunan I\u015e\u0130D tekfircilerini a\u011f\u0131r kay\u0131plara u\u011fratt\u0131klar\u0131n\u0131 belirtti<\/p>\n","protected":false},"excerpt":{"rendered":"<p>SANA\u2019ya a\u00e7\u0131klama yapan askeri bir kaynak ordu birliklerimizin \u015eam k\u0131rsal\u0131n\u0131n do\u011fusu Badiye kenarlar\u0131n\u0131n Tel Arinaba B\u00f6lgesinin kuzeydo\u011fusunda askeri bir mevkie sald\u0131r\u0131 giri\u015fiminde bulunan I\u015e\u0130D tekfircilerini a\u011f\u0131r kay\u0131plara u\u011fratt\u0131klar\u0131n\u0131 belirtti<\/p>\n","protected":false},"author":1,"featured_media":0,"comment_status":"closed","ping_status":"closed","sticky":false,"template":"","format":"standard","meta":{"footnotes":""},"categories":[17991],"tags":[],"class_list":["post-76151","post","type-post","status-publish","format-standard","","category-son-dakika"],"_links":{"self":[{"href":"https:\/\/archive.sana.sy\/tr\/index.php?rest_route=\/wp\/v2\/posts\/76151","targetHints":{"allow":["GET"]}}],"collection":[{"href":"https:\/\/archive.sana.sy\/tr\/index.php?rest_route=\/wp\/v2\/posts"}],"about":[{"href":"https:\/\/archive.sana.sy\/tr\/index.php?rest_route=\/wp\/v2\/types\/post"}],"author":[{"embeddable":true,"href":"https:\/\/archive.sana.sy\/tr\/index.php?rest_route=\/wp\/v2\/users\/1"}],"replies":[{"embeddable":true,"href":"https:\/\/archive.sana.sy\/tr\/index.php?rest_route=%2Fwp%2Fv2%2Fcomments&post=76151"}],"version-history":[{"count":0,"href":"https:\/\/archive.sana.sy\/tr\/index.php?rest_route=\/wp\/v2\/posts\/76151\/revisions"}],"wp:attachment":[{"href":"https:\/\/archive.sana.sy\/tr\/index.php?rest_route=%2Fwp%2Fv2%2Fmedia&parent=76151"}],"wp:term":[{"taxonomy":"category","embeddable":true,"href":"https:\/\/archive.sana.sy\/tr\/index.php?rest_route=%2Fwp%2Fv2%2Fcategories&post=76151"},{"taxonomy":"post_tag","embeddable":true,"href":"https:\/\/archive.sana.sy\/tr\/index.php?rest_route=%2Fwp%2Fv2%2Ftags&post=76151"}],"curies":[{"name":"wp","href":"https:\/\/api.w.org\/{rel}","templated":true}]}}