{"id":76163,"date":"2016-06-12T09:53:01","date_gmt":"2016-06-12T06:53:01","guid":{"rendered":"http:\/\/www.sana.sy\/tr\/?p=76163"},"modified":"2016-06-12T13:43:59","modified_gmt":"2016-06-12T10:43:59","slug":"agir-silahlarla-donatilmis-5-aracin-da-imha-edildigini-ifade-eden-kaynak-aralarinda-tehlikeli-isimlerin-bulundugu-onlarca-teroristin-de-oldurulmeleri-ardindan-geriye-kalanlarin-arkalarinda-arac-sil","status":"publish","type":"post","link":"https:\/\/archive.sana.sy\/tr\/?p=76163","title":{"rendered":"A\u011f\u0131r silahlarla donat\u0131lm\u0131\u015f 5 arac\u0131n da  imha edildi\u011fini ifade eden kaynak, aralar\u0131nda tehlikeli isimlerin bulundu\u011fu onlarca ter\u00f6ristin de \u00f6ld\u00fcr\u00fclmeleri ard\u0131ndan geriye kalanlar\u0131n arkalar\u0131nda ara\u00e7, silah ve \u00f6l\u00fc arkada\u015flar\u0131n\u0131n cesetlerini b\u0131rak\u0131p ka\u00e7t\u0131klar\u0131n\u0131 aktard\u0131"},"content":{"rendered":"<p>A\u011f\u0131r silahlarla donat\u0131lm\u0131\u015f 5 arac\u0131n da \u00a0imha edildi\u011fini ifade eden kaynak, aralar\u0131nda tehlikeli isimlerin bulundu\u011fu onlarca ter\u00f6ristin de \u00f6ld\u00fcr\u00fclmeleri ard\u0131ndan geriye kalanlar\u0131n arkalar\u0131nda ara\u00e7, silah ve \u00f6l\u00fc arkada\u015flar\u0131n\u0131n cesetlerini b\u0131rak\u0131p ka\u00e7t\u0131klar\u0131n\u0131 aktard\u0131<\/p>\n","protected":false},"excerpt":{"rendered":"<p>A\u011f\u0131r silahlarla donat\u0131lm\u0131\u015f 5 arac\u0131n da \u00a0imha edildi\u011fini ifade eden kaynak, aralar\u0131nda tehlikeli isimlerin bulundu\u011fu onlarca ter\u00f6ristin de \u00f6ld\u00fcr\u00fclmeleri ard\u0131ndan geriye kalanlar\u0131n arkalar\u0131nda ara\u00e7, silah ve \u00f6l\u00fc arkada\u015flar\u0131n\u0131n cesetlerini b\u0131rak\u0131p ka\u00e7t\u0131klar\u0131n\u0131 aktard\u0131<\/p>\n","protected":false},"author":1,"featured_media":0,"comment_status":"closed","ping_status":"closed","sticky":false,"template":"","format":"standard","meta":{"footnotes":""},"categories":[17991],"tags":[],"class_list":["post-76163","post","type-post","status-publish","format-standard","","category-son-dakika"],"_links":{"self":[{"href":"https:\/\/archive.sana.sy\/tr\/index.php?rest_route=\/wp\/v2\/posts\/76163","targetHints":{"allow":["GET"]}}],"collection":[{"href":"https:\/\/archive.sana.sy\/tr\/index.php?rest_route=\/wp\/v2\/posts"}],"about":[{"href":"https:\/\/archive.sana.sy\/tr\/index.php?rest_route=\/wp\/v2\/types\/post"}],"author":[{"embeddable":true,"href":"https:\/\/archive.sana.sy\/tr\/index.php?rest_route=\/wp\/v2\/users\/1"}],"replies":[{"embeddable":true,"href":"https:\/\/archive.sana.sy\/tr\/index.php?rest_route=%2Fwp%2Fv2%2Fcomments&post=76163"}],"version-history":[{"count":0,"href":"https:\/\/archive.sana.sy\/tr\/index.php?rest_route=\/wp\/v2\/posts\/76163\/revisions"}],"wp:attachment":[{"href":"https:\/\/archive.sana.sy\/tr\/index.php?rest_route=%2Fwp%2Fv2%2Fmedia&parent=76163"}],"wp:term":[{"taxonomy":"category","embeddable":true,"href":"https:\/\/archive.sana.sy\/tr\/index.php?rest_route=%2Fwp%2Fv2%2Fcategories&post=76163"},{"taxonomy":"post_tag","embeddable":true,"href":"https:\/\/archive.sana.sy\/tr\/index.php?rest_route=%2Fwp%2Fv2%2Ftags&post=76163"}],"curies":[{"name":"wp","href":"https:\/\/api.w.org\/{rel}","templated":true}]}}