{"id":7617,"date":"2014-08-18T16:36:51","date_gmt":"2014-08-18T13:36:51","guid":{"rendered":"http:\/\/www.sana.sy\/tr\/?p=7617"},"modified":"2014-08-18T16:36:51","modified_gmt":"2014-08-18T13:36:51","slug":"hep-birlikte-el-ele-yeniden-daha-guzel-bir-suriyeye","status":"publish","type":"post","link":"https:\/\/archive.sana.sy\/tr\/?p=7617","title":{"rendered":"Hep Birlikte El Ele Yeniden Daha G\u00fczel Bir Suriye\u2019ye"},"content":{"rendered":"<p>\u015eAM \u2013 Devrim Gen\u00e7li\u011fi \u00d6rg\u00fct\u00fcnde \u00c7evre ve G\u00f6n\u00fcll\u00fc \u00c7al\u0131\u015fanlar Ofisi d\u00fcn \u00fclke genelinde \u201cHep Birlikte El Ele Yeniden Daha G\u00fczel Suriye\u2019ye\u201d \u015fiar\u0131yla bir kampanya ba\u015flatt\u0131.<\/p>\n<p>\u0130lk a\u015famada yakla\u015f\u0131k 8 bin gencin kat\u0131l\u0131m\u0131yla ba\u015flayan ve 22 A\u011fustos tarihinde kadar s\u00fcrecek kampanya kapsam\u0131nda g\u00f6n\u00fcll\u00fcl\u00fck temelinde her ilin kendi ko\u015fullar\u0131na uygun \u00e7e\u015fitli etkinlikler d\u00fczenleniyor.<\/p>\n<p>\u00c7evre ve G\u00f6n\u00fcll\u00fc \u00c7al\u0131\u015fma Ofisi Ba\u015fkan\u0131 Suleyna Hamada; Kan ba\u011f\u0131\u015f\u0131, \u00e7evre temizli\u011fi, sokak duvarlar\u0131n\u0131n s\u00fcslenmesi ve boyanmas\u0131 gibi faaliyetlerin d\u00fczenlenece\u011fi kampanyan\u0131n, g\u00f6n\u00fcll\u00fc \u00e7al\u0131\u015fma ofisinin giri\u015fimi ile ba\u015flat\u0131ld\u0131\u011f\u0131n\u0131 dile getirdi.<\/p>\n<p>Kampanyan\u0131n as\u0131l dinamik g\u00fcc\u00fc olan gen\u00e7lerin bu vatan\u0131n en temel par\u00e7alar\u0131ndan biri oldu\u011fu d\u00fc\u015f\u00fcncesiyle yo\u011frulan kampanya \u00e7al\u0131\u015fmalar\u0131nda genel olarak ailelerden de b\u00fcy\u00fck kat\u0131l\u0131m olmas\u0131n\u0131n beklendi\u011fine dikkat \u00e7eken Hamada; gen\u00e7lerin \u00fcretimden-ticarete, sa\u011fl\u0131ktan-\u00e7evre temizli\u011fine, ter\u00f6rle m\u00fccadeleden-yeniden in\u015fa s\u00fcrecine ve daha say\u0131labilecek b\u00fct\u00fcn alanlarda etkin bir \u015fekilde \u00e7al\u0131\u015fma yapacak g\u00fc\u00e7, bilin\u00e7 ve iradeye sahip olduklar\u0131n\u0131n alt\u0131n\u0131 \u00e7izdi.<\/p>\n<div id='gallery-1' class='gallery galleryid-7617 gallery-columns-2 gallery-size-thumbnail'><figure class='gallery-item'>\n\t\t\t<div class='gallery-icon landscape'>\n\t\t\t\t<a href='https:\/\/archive.sana.sy\/tr\/wp-content\/uploads\/2014\/08\/g\u00f6n\u00fcll\u00fc-4.jpg'><img loading=\"lazy\" decoding=\"async\" width=\"150\" height=\"99\" src=\"https:\/\/archive.sana.sy\/tr\/wp-content\/uploads\/2014\/08\/g\u00f6n\u00fcll\u00fc-4-150x99.jpg\" class=\"attachment-thumbnail size-thumbnail\" alt=\"\" srcset=\"https:\/\/archive.sana.sy\/tr\/wp-content\/uploads\/2014\/08\/g\u00f6n\u00fcll\u00fc-4-150x99.jpg 150w, https:\/\/archive.sana.sy\/tr\/wp-content\/uploads\/2014\/08\/g\u00f6n\u00fcll\u00fc-4-300x199.jpg 300w, https:\/\/archive.sana.sy\/tr\/wp-content\/uploads\/2014\/08\/g\u00f6n\u00fcll\u00fc-4-1024x681.jpg 1024w\" sizes=\"auto, (max-width: 150px) 100vw, 150px\" \/><\/a>\n\t\t\t<\/div><\/figure><figure class='gallery-item'>\n\t\t\t<div class='gallery-icon landscape'>\n\t\t\t\t<a href='https:\/\/archive.sana.sy\/tr\/wp-content\/uploads\/2014\/08\/g\u00f6n\u00fcll\u00fc-3.jpg'><img loading=\"lazy\" decoding=\"async\" width=\"150\" height=\"99\" src=\"https:\/\/archive.sana.sy\/tr\/wp-content\/uploads\/2014\/08\/g\u00f6n\u00fcll\u00fc-3-150x99.jpg\" class=\"attachment-thumbnail size-thumbnail\" alt=\"\" srcset=\"https:\/\/archive.sana.sy\/tr\/wp-content\/uploads\/2014\/08\/g\u00f6n\u00fcll\u00fc-3-150x99.jpg 150w, https:\/\/archive.sana.sy\/tr\/wp-content\/uploads\/2014\/08\/g\u00f6n\u00fcll\u00fc-3-300x199.jpg 300w, https:\/\/archive.sana.sy\/tr\/wp-content\/uploads\/2014\/08\/g\u00f6n\u00fcll\u00fc-3-1024x681.jpg 1024w\" sizes=\"auto, (max-width: 150px) 100vw, 150px\" \/><\/a>\n\t\t\t<\/div><\/figure>\n\t\t<\/div>\n\n","protected":false},"excerpt":{"rendered":"<p>\u015eAM \u2013 Devrim Gen\u00e7li\u011fi \u00d6rg\u00fct\u00fcnde \u00c7evre ve G\u00f6n\u00fcll\u00fc \u00c7al\u0131\u015fanlar Ofisi d\u00fcn \u00fclke genelinde \u201cHep Birlikte El Ele Yeniden Daha G\u00fczel Suriye\u2019ye\u201d \u015fiar\u0131yla bir kampanya ba\u015flatt\u0131. \u0130lk a\u015famada yakla\u015f\u0131k 8 bin gencin kat\u0131l\u0131m\u0131yla ba\u015flayan ve 22 A\u011fustos tarihinde kadar s\u00fcrecek kampanya kapsam\u0131nda g\u00f6n\u00fcll\u00fcl\u00fck temelinde her ilin kendi ko\u015fullar\u0131na uygun \u00e7e\u015fitli etkinlikler d\u00fczenleniyor. \u00c7evre ve G\u00f6n\u00fcll\u00fc \u00c7al\u0131\u015fma &hellip;<\/p>\n","protected":false},"author":1,"featured_media":7618,"comment_status":"closed","ping_status":"closed","sticky":false,"template":"","format":"standard","meta":{"footnotes":""},"categories":[596,479,478],"tags":[1699],"class_list":["post-7617","post","type-post","status-publish","format-standard","has-post-thumbnail","","category-fotografli-raporlar","category-haberler-yerel","category-yerel","tag-hep-birlikte-el-ele-yeniden-daha-guzel-bir-suriyeye-sam-devrim-gencligi-orgutunde-cevre-ve-gonullu-calisanlar-ofisi-dun-ulke-genelinde-hep-birlikte-el-ele-yeniden-daha-guze"],"_links":{"self":[{"href":"https:\/\/archive.sana.sy\/tr\/index.php?rest_route=\/wp\/v2\/posts\/7617","targetHints":{"allow":["GET"]}}],"collection":[{"href":"https:\/\/archive.sana.sy\/tr\/index.php?rest_route=\/wp\/v2\/posts"}],"about":[{"href":"https:\/\/archive.sana.sy\/tr\/index.php?rest_route=\/wp\/v2\/types\/post"}],"author":[{"embeddable":true,"href":"https:\/\/archive.sana.sy\/tr\/index.php?rest_route=\/wp\/v2\/users\/1"}],"replies":[{"embeddable":true,"href":"https:\/\/archive.sana.sy\/tr\/index.php?rest_route=%2Fwp%2Fv2%2Fcomments&post=7617"}],"version-history":[{"count":0,"href":"https:\/\/archive.sana.sy\/tr\/index.php?rest_route=\/wp\/v2\/posts\/7617\/revisions"}],"wp:featuredmedia":[{"embeddable":true,"href":"https:\/\/archive.sana.sy\/tr\/index.php?rest_route=\/wp\/v2\/media\/7618"}],"wp:attachment":[{"href":"https:\/\/archive.sana.sy\/tr\/index.php?rest_route=%2Fwp%2Fv2%2Fmedia&parent=7617"}],"wp:term":[{"taxonomy":"category","embeddable":true,"href":"https:\/\/archive.sana.sy\/tr\/index.php?rest_route=%2Fwp%2Fv2%2Fcategories&post=7617"},{"taxonomy":"post_tag","embeddable":true,"href":"https:\/\/archive.sana.sy\/tr\/index.php?rest_route=%2Fwp%2Fv2%2Ftags&post=7617"}],"curies":[{"name":"wp","href":"https:\/\/api.w.org\/{rel}","templated":true}]}}