{"id":76244,"date":"2016-06-12T17:29:14","date_gmt":"2016-06-12T14:29:14","guid":{"rendered":"http:\/\/www.sana.sy\/tr\/?p=76244"},"modified":"2016-06-12T17:29:14","modified_gmt":"2016-06-12T14:29:14","slug":"halepte-sana-muhabiri-erdogan-rejimine-tabi-teror-cetelerinden-keskin-nisanci-teroristler-halep-kentinin-seyif-el-devle-semtinde-sivillerin-evlerine-ates-acmalari-sonucunda-1-vatandasin-sehi","status":"publish","type":"post","link":"https:\/\/archive.sana.sy\/tr\/?p=76244","title":{"rendered":"Halep\u2019te SANA muhabiri; Erdo\u011fan rejimine tabi ter\u00f6r \u00e7etelerinden keskin ni\u015fanc\u0131 ter\u00f6ristler Halep Kentinin Seyif el Devle Semtinde sivillerin evlerine ate\u015f a\u00e7malar\u0131 sonucunda 1 vatanda\u015f\u0131n \u015fehit d\u00fc\u015ft\u00fc\u011f\u00fcn\u00fc ifade etti"},"content":{"rendered":"<p>Halep\u2019te SANA muhabiri; Erdo\u011fan rejimine tabi ter\u00f6r \u00e7etelerinden keskin ni\u015fanc\u0131 ter\u00f6ristler Halep Kentinin Seyif el Devle Semtinde sivillerin evlerine ate\u015f a\u00e7malar\u0131 sonucunda 1 vatanda\u015f\u0131n \u015fehit d\u00fc\u015ft\u00fc\u011f\u00fcn\u00fc ifade etti<\/p>\n","protected":false},"excerpt":{"rendered":"<p>Halep\u2019te SANA muhabiri; Erdo\u011fan rejimine tabi ter\u00f6r \u00e7etelerinden keskin ni\u015fanc\u0131 ter\u00f6ristler Halep Kentinin Seyif el Devle Semtinde sivillerin evlerine ate\u015f a\u00e7malar\u0131 sonucunda 1 vatanda\u015f\u0131n \u015fehit d\u00fc\u015ft\u00fc\u011f\u00fcn\u00fc ifade etti<\/p>\n","protected":false},"author":1,"featured_media":0,"comment_status":"closed","ping_status":"closed","sticky":false,"template":"","format":"standard","meta":{"footnotes":""},"categories":[17991],"tags":[],"class_list":["post-76244","post","type-post","status-publish","format-standard","","category-son-dakika"],"_links":{"self":[{"href":"https:\/\/archive.sana.sy\/tr\/index.php?rest_route=\/wp\/v2\/posts\/76244","targetHints":{"allow":["GET"]}}],"collection":[{"href":"https:\/\/archive.sana.sy\/tr\/index.php?rest_route=\/wp\/v2\/posts"}],"about":[{"href":"https:\/\/archive.sana.sy\/tr\/index.php?rest_route=\/wp\/v2\/types\/post"}],"author":[{"embeddable":true,"href":"https:\/\/archive.sana.sy\/tr\/index.php?rest_route=\/wp\/v2\/users\/1"}],"replies":[{"embeddable":true,"href":"https:\/\/archive.sana.sy\/tr\/index.php?rest_route=%2Fwp%2Fv2%2Fcomments&post=76244"}],"version-history":[{"count":0,"href":"https:\/\/archive.sana.sy\/tr\/index.php?rest_route=\/wp\/v2\/posts\/76244\/revisions"}],"wp:attachment":[{"href":"https:\/\/archive.sana.sy\/tr\/index.php?rest_route=%2Fwp%2Fv2%2Fmedia&parent=76244"}],"wp:term":[{"taxonomy":"category","embeddable":true,"href":"https:\/\/archive.sana.sy\/tr\/index.php?rest_route=%2Fwp%2Fv2%2Fcategories&post=76244"},{"taxonomy":"post_tag","embeddable":true,"href":"https:\/\/archive.sana.sy\/tr\/index.php?rest_route=%2Fwp%2Fv2%2Ftags&post=76244"}],"curies":[{"name":"wp","href":"https:\/\/api.w.org\/{rel}","templated":true}]}}