{"id":76271,"date":"2016-06-13T13:36:06","date_gmt":"2016-06-13T10:36:06","guid":{"rendered":"http:\/\/www.sana.sy\/tr\/?p=76271"},"modified":"2016-06-13T13:36:06","modified_gmt":"2016-06-13T10:36:06","slug":"guzel-sanatlar-fakultesi-ogrencileri-suveyda-kultur-merkezinde-sergi-duzenledi","status":"publish","type":"post","link":"https:\/\/archive.sana.sy\/tr\/?p=76271","title":{"rendered":"G\u00fczel Sanatlar Fak\u00fcltesi \u00f6\u011frencileri S\u00fcveyda K\u00fclt\u00fcr Merkezinde sergi d\u00fczenledi"},"content":{"rendered":"<p>G\u00fczel Sanatlar Fak\u00fcltesi \u00f6\u011frencileri S\u00fcveyda K\u00fclt\u00fcr Merkezinde sergi d\u00fczenledi<\/p>\n","protected":false},"excerpt":{"rendered":"<p>G\u00fczel Sanatlar Fak\u00fcltesi \u00f6\u011frencileri S\u00fcveyda K\u00fclt\u00fcr Merkezinde sergi d\u00fczenledi<\/p>\n","protected":false},"author":1,"featured_media":76268,"comment_status":"closed","ping_status":"closed","sticky":false,"template":"","format":"standard","meta":{"footnotes":""},"categories":[573],"tags":[21730],"class_list":["post-76271","post","type-post","status-publish","format-standard","has-post-thumbnail","","category-goruntulu-olaylar","tag-guzel-sanatlar-fakultesi-ogrencileri-suveyda-kultur-merkezinde-sergi-duzenledi"],"_links":{"self":[{"href":"https:\/\/archive.sana.sy\/tr\/index.php?rest_route=\/wp\/v2\/posts\/76271","targetHints":{"allow":["GET"]}}],"collection":[{"href":"https:\/\/archive.sana.sy\/tr\/index.php?rest_route=\/wp\/v2\/posts"}],"about":[{"href":"https:\/\/archive.sana.sy\/tr\/index.php?rest_route=\/wp\/v2\/types\/post"}],"author":[{"embeddable":true,"href":"https:\/\/archive.sana.sy\/tr\/index.php?rest_route=\/wp\/v2\/users\/1"}],"replies":[{"embeddable":true,"href":"https:\/\/archive.sana.sy\/tr\/index.php?rest_route=%2Fwp%2Fv2%2Fcomments&post=76271"}],"version-history":[{"count":0,"href":"https:\/\/archive.sana.sy\/tr\/index.php?rest_route=\/wp\/v2\/posts\/76271\/revisions"}],"wp:featuredmedia":[{"embeddable":true,"href":"https:\/\/archive.sana.sy\/tr\/index.php?rest_route=\/wp\/v2\/media\/76268"}],"wp:attachment":[{"href":"https:\/\/archive.sana.sy\/tr\/index.php?rest_route=%2Fwp%2Fv2%2Fmedia&parent=76271"}],"wp:term":[{"taxonomy":"category","embeddable":true,"href":"https:\/\/archive.sana.sy\/tr\/index.php?rest_route=%2Fwp%2Fv2%2Fcategories&post=76271"},{"taxonomy":"post_tag","embeddable":true,"href":"https:\/\/archive.sana.sy\/tr\/index.php?rest_route=%2Fwp%2Fv2%2Ftags&post=76271"}],"curies":[{"name":"wp","href":"https:\/\/api.w.org\/{rel}","templated":true}]}}