{"id":76300,"date":"2016-06-13T14:43:08","date_gmt":"2016-06-13T11:43:08","guid":{"rendered":"http:\/\/www.sana.sy\/tr\/?p=76300"},"modified":"2016-06-14T14:27:02","modified_gmt":"2016-06-14T11:27:02","slug":"katilim-ve-basari-suriye-onemli-bir-mesaj-veriyor","status":"publish","type":"post","link":"https:\/\/archive.sana.sy\/tr\/?p=76300","title":{"rendered":"Kat\u0131l\u0131m ve Ba\u015far\u0131 Suriye \u00d6nemli Bir Mesaj Veriyor (video)"},"content":{"rendered":"<p>\u015eAM \u2013 E\u011fitim Bakanl\u0131\u011f\u0131 2016 \u00f6\u011fretim y\u0131l\u0131nda \u0130lk\u00f6\u011fretim ve \u015eeriat Ortaokullar\u0131 s\u0131van sonu\u00e7lar\u0131n\u0131 ilan etti.<\/p>\n<p><a href=\"http:\/\/www.sana.sy\/tr\/wp-content\/uploads\/2016\/06\/Vez-1.jpg\"><img loading=\"lazy\" decoding=\"async\" class=\"alignright wp-image-76302 size-medium\" src=\"http:\/\/www.sana.sy\/tr\/wp-content\/uploads\/2016\/06\/Vez-1-300x194.jpg\" alt=\"Vez 1\" width=\"300\" height=\"194\" srcset=\"https:\/\/archive.sana.sy\/tr\/wp-content\/uploads\/2016\/06\/Vez-1-300x194.jpg 300w, https:\/\/archive.sana.sy\/tr\/wp-content\/uploads\/2016\/06\/Vez-1-150x97.jpg 150w, https:\/\/archive.sana.sy\/tr\/wp-content\/uploads\/2016\/06\/Vez-1-768x496.jpg 768w, https:\/\/archive.sana.sy\/tr\/wp-content\/uploads\/2016\/06\/Vez-1-1024x661.jpg 1024w\" sizes=\"auto, (max-width: 300px) 100vw, 300px\" \/><\/a>S\u0131nav sonu\u00e7lar\u0131n\u0131n ilan edilmesi ard\u0131ndan E\u011fitim Bakan\u0131 Hezvan el Vez bakanl\u0131k binas\u0131nda d\u00fczenledi\u011fi bas\u0131n konferans\u0131nda; ilk\u00f6\u011fretim s\u0131navlar\u0131nda ba\u015far\u0131 oran\u0131n\u0131n %71-20 a\u00e7\u0131klad\u0131. Bakan Vez s\u0131navlara kat\u0131lan 237 bin 625 \u00f6\u011frenciden 169 bin 180 \u00f6\u011frencinin ge\u00e7ti\u011fini s\u00f6yledi. \u015eeriat Ortaokullar\u0131 s\u0131navlar\u0131nda ise ba\u015far\u0131 oran\u0131n\u0131n %83,69 oldu\u011funu belirten E\u011fitim Bakan\u0131, s\u0131navlara kat\u0131lan 2280 \u00f6\u011frenciden 1911 \u00f6\u011frencinin ge\u00e7ti\u011fini s\u00f6zlerine ekledi.<\/p>\n<p>E\u011fitim Bakan\u0131 Vez ilk\u00f6\u011fretim s\u0131navlar\u0131nda 7 \u00f6\u011frencinin 3100 ile tam puan ald\u0131klar\u0131n\u0131 ifade ederken, puanlar\u0131n %90\u2019\u0131 ile %100\u2019\u00fc aras\u0131nda alarak takdir kazananlar\u0131n oran\u0131n\u0131n ise %8,03 oldu\u011funu belirtti.<\/p>\n<p>S\u0131navlarda sa\u011flanan kat\u0131l\u0131m ve \u00f6\u011frencilerin ba\u015far\u0131s\u0131na dikkat \u00e7eken Vez; bunun Suriye halk\u0131n\u0131n ya\u015fama ve \u00e7ocuklar\u0131n\u0131n \u00f6\u011frenimini s\u00fcrd\u00fcrmeye verdi\u011fi \u00f6nemi yans\u0131tt\u0131\u011f\u0131na i\u015faret etti.<\/p>\n<p>\u00dcniversiteye giri\u015f ve lise s\u0131navlar\u0131 konusunda ise E\u011fitim Bakan\u0131 Vez; t\u00fcm \u00f6\u011frenciler aras\u0131nda e\u015fit f\u0131rsatlar\u0131n sa\u011flanmas\u0131 ve her \u00f6\u011frencinin hakketti\u011fi puan\u0131 almas\u0131 y\u00f6n\u00fcnde s\u0131k\u0131 icraatlarla s\u0131navlar\u0131n devam etti\u011fini belirtti.<\/p>\n<p>https:\/\/www.youtube.com\/watch?v=og7iZMD37wA<\/p>\n","protected":false},"excerpt":{"rendered":"<p>\u015eAM \u2013 E\u011fitim Bakanl\u0131\u011f\u0131 2016 \u00f6\u011fretim y\u0131l\u0131nda \u0130lk\u00f6\u011fretim ve \u015eeriat Ortaokullar\u0131 s\u0131van sonu\u00e7lar\u0131n\u0131 ilan etti. S\u0131nav sonu\u00e7lar\u0131n\u0131n ilan edilmesi ard\u0131ndan E\u011fitim Bakan\u0131 Hezvan el Vez bakanl\u0131k binas\u0131nda d\u00fczenledi\u011fi bas\u0131n konferans\u0131nda; ilk\u00f6\u011fretim s\u0131navlar\u0131nda ba\u015far\u0131 oran\u0131n\u0131n %71-20 a\u00e7\u0131klad\u0131. Bakan Vez s\u0131navlara kat\u0131lan 237 bin 625 \u00f6\u011frenciden 169 bin 180 \u00f6\u011frencinin ge\u00e7ti\u011fini s\u00f6yledi. \u015eeriat Ortaokullar\u0131 s\u0131navlar\u0131nda ise ba\u015far\u0131 &hellip;<\/p>\n","protected":false},"author":1,"featured_media":76301,"comment_status":"closed","ping_status":"closed","sticky":false,"template":"","format":"standard","meta":{"footnotes":""},"categories":[479,17988,478],"tags":[21738,21739],"class_list":["post-76300","post","type-post","status-publish","format-standard","has-post-thumbnail","","category-haberler-yerel","category-son-haberler","category-yerel","tag-katilim-ve-basari-suriye-onemli-bir-mesaj-veriyor","tag-sam-egitim-bakanligi-2016-ogretim-yilinda-ilkogretim-ve-seriat-ortaokullari-sivan-sonuclarini-ilan-etti"],"_links":{"self":[{"href":"https:\/\/archive.sana.sy\/tr\/index.php?rest_route=\/wp\/v2\/posts\/76300","targetHints":{"allow":["GET"]}}],"collection":[{"href":"https:\/\/archive.sana.sy\/tr\/index.php?rest_route=\/wp\/v2\/posts"}],"about":[{"href":"https:\/\/archive.sana.sy\/tr\/index.php?rest_route=\/wp\/v2\/types\/post"}],"author":[{"embeddable":true,"href":"https:\/\/archive.sana.sy\/tr\/index.php?rest_route=\/wp\/v2\/users\/1"}],"replies":[{"embeddable":true,"href":"https:\/\/archive.sana.sy\/tr\/index.php?rest_route=%2Fwp%2Fv2%2Fcomments&post=76300"}],"version-history":[{"count":0,"href":"https:\/\/archive.sana.sy\/tr\/index.php?rest_route=\/wp\/v2\/posts\/76300\/revisions"}],"wp:featuredmedia":[{"embeddable":true,"href":"https:\/\/archive.sana.sy\/tr\/index.php?rest_route=\/wp\/v2\/media\/76301"}],"wp:attachment":[{"href":"https:\/\/archive.sana.sy\/tr\/index.php?rest_route=%2Fwp%2Fv2%2Fmedia&parent=76300"}],"wp:term":[{"taxonomy":"category","embeddable":true,"href":"https:\/\/archive.sana.sy\/tr\/index.php?rest_route=%2Fwp%2Fv2%2Fcategories&post=76300"},{"taxonomy":"post_tag","embeddable":true,"href":"https:\/\/archive.sana.sy\/tr\/index.php?rest_route=%2Fwp%2Fv2%2Ftags&post=76300"}],"curies":[{"name":"wp","href":"https:\/\/api.w.org\/{rel}","templated":true}]}}