{"id":76304,"date":"2016-06-13T14:48:05","date_gmt":"2016-06-13T11:48:05","guid":{"rendered":"http:\/\/www.sana.sy\/tr\/?p=76304"},"modified":"2016-06-14T14:26:49","modified_gmt":"2016-06-14T11:26:49","slug":"tum-kurumlar-arasinda-isbirligi-pekistirilmelidir","status":"publish","type":"post","link":"https:\/\/archive.sana.sy\/tr\/?p=76304","title":{"rendered":"T\u00fcm Kurumlar Aras\u0131nda \u0130\u015fbirli\u011fi Peki\u015ftirilmelidir"},"content":{"rendered":"<p>\u015eAM \u2013 Ba\u015fbakan Vail el Halaki \u0130ran\u2019da S\u0131n\u0131r Tan\u0131mayan Tabipler \u0130slami Kurumu Genel M\u00fcd\u00fcr\u00fc Muhammed Hasan Niknam ile sa\u011fl\u0131k kadrolar\u0131n\u0131n e\u011fitimi ve mobil kliniklerin temini ba\u015fta olmak \u00fczere iki taraf aras\u0131nda i\u015fbirli\u011fi olanaklar\u0131n\u0131 masaya yat\u0131rd\u0131.<\/p>\n<p><a href=\"http:\/\/www.sana.sy\/tr\/wp-content\/uploads\/2016\/06\/Halaki-1-1.jpg\"><img loading=\"lazy\" decoding=\"async\" class=\"alignright wp-image-76307 size-medium\" src=\"http:\/\/www.sana.sy\/tr\/wp-content\/uploads\/2016\/06\/Halaki-1-1-300x200.jpg\" alt=\"Halaki 1\" width=\"300\" height=\"200\" srcset=\"https:\/\/archive.sana.sy\/tr\/wp-content\/uploads\/2016\/06\/Halaki-1-1-300x200.jpg 300w, https:\/\/archive.sana.sy\/tr\/wp-content\/uploads\/2016\/06\/Halaki-1-1-150x100.jpg 150w, https:\/\/archive.sana.sy\/tr\/wp-content\/uploads\/2016\/06\/Halaki-1-1-768x511.jpg 768w, https:\/\/archive.sana.sy\/tr\/wp-content\/uploads\/2016\/06\/Halaki-1-1-1024x681.jpg 1024w\" sizes=\"auto, (max-width: 300px) 100vw, 300px\" \/><\/a>Suriye ve \u0130ran aras\u0131nda sa\u011fl\u0131k alan\u0131 dahil t\u00fcm alanlarda i\u015fbirli\u011fi ve koordinasyonu peki\u015ftirme gere\u011fini belirten Halaki; ihtiya\u00e7 sahiplerine yard\u0131m ve destekte bulunma y\u00f6n\u00fcnde ilgili t\u00fcm kurumlar aras\u0131nda i\u015fbirli\u011fini daha da artt\u0131rma \u00f6nemini ifade etti.<\/p>\n<p>Ba\u015fbakan Halaki \u00f6zellikle Erdo\u011fan ve Al Suud rejimleri ba\u015fta olmak \u00fczere belli ba\u015fl\u0131 kimi rejiler taraf\u0131ndan desteklenen ter\u00f6ristlerin muhtelif sekt\u00f6rlere verdikleri hasara \u0131\u015f\u0131k tuttu.<\/p>\n<p>G\u00f6r\u00fc\u015fmede ter\u00f6re kar\u015f\u0131 sava\u015f\u0131nda Suriye&#8217;nin \u015fanl\u0131 bir zafer kazanaca\u011f\u0131 konusunda mutlak bir inanca sahip oldu\u011funu belirten konuk heyet ba\u015fkan\u0131 Niknam; kurumun insani yard\u0131m, yeniden yap\u0131land\u0131rma ve daha ba\u015fka alanlardaki faaliyetlerine dikkat \u00e7ekti.<\/p>\n","protected":false},"excerpt":{"rendered":"<p>\u015eAM \u2013 Ba\u015fbakan Vail el Halaki \u0130ran\u2019da S\u0131n\u0131r Tan\u0131mayan Tabipler \u0130slami Kurumu Genel M\u00fcd\u00fcr\u00fc Muhammed Hasan Niknam ile sa\u011fl\u0131k kadrolar\u0131n\u0131n e\u011fitimi ve mobil kliniklerin temini ba\u015fta olmak \u00fczere iki taraf aras\u0131nda i\u015fbirli\u011fi olanaklar\u0131n\u0131 masaya yat\u0131rd\u0131. Suriye ve \u0130ran aras\u0131nda sa\u011fl\u0131k alan\u0131 dahil t\u00fcm alanlarda i\u015fbirli\u011fi ve koordinasyonu peki\u015ftirme gere\u011fini belirten Halaki; ihtiya\u00e7 sahiplerine yard\u0131m ve &hellip;<\/p>\n","protected":false},"author":1,"featured_media":76306,"comment_status":"closed","ping_status":"closed","sticky":false,"template":"","format":"standard","meta":{"footnotes":""},"categories":[479,17988,478],"tags":[21740],"class_list":["post-76304","post","type-post","status-publish","format-standard","has-post-thumbnail","","category-haberler-yerel","category-son-haberler","category-yerel","tag-tum-kurumlar-arasinda-isbirligi-pekistirilmelidir"],"_links":{"self":[{"href":"https:\/\/archive.sana.sy\/tr\/index.php?rest_route=\/wp\/v2\/posts\/76304","targetHints":{"allow":["GET"]}}],"collection":[{"href":"https:\/\/archive.sana.sy\/tr\/index.php?rest_route=\/wp\/v2\/posts"}],"about":[{"href":"https:\/\/archive.sana.sy\/tr\/index.php?rest_route=\/wp\/v2\/types\/post"}],"author":[{"embeddable":true,"href":"https:\/\/archive.sana.sy\/tr\/index.php?rest_route=\/wp\/v2\/users\/1"}],"replies":[{"embeddable":true,"href":"https:\/\/archive.sana.sy\/tr\/index.php?rest_route=%2Fwp%2Fv2%2Fcomments&post=76304"}],"version-history":[{"count":0,"href":"https:\/\/archive.sana.sy\/tr\/index.php?rest_route=\/wp\/v2\/posts\/76304\/revisions"}],"wp:featuredmedia":[{"embeddable":true,"href":"https:\/\/archive.sana.sy\/tr\/index.php?rest_route=\/wp\/v2\/media\/76306"}],"wp:attachment":[{"href":"https:\/\/archive.sana.sy\/tr\/index.php?rest_route=%2Fwp%2Fv2%2Fmedia&parent=76304"}],"wp:term":[{"taxonomy":"category","embeddable":true,"href":"https:\/\/archive.sana.sy\/tr\/index.php?rest_route=%2Fwp%2Fv2%2Fcategories&post=76304"},{"taxonomy":"post_tag","embeddable":true,"href":"https:\/\/archive.sana.sy\/tr\/index.php?rest_route=%2Fwp%2Fv2%2Ftags&post=76304"}],"curies":[{"name":"wp","href":"https:\/\/api.w.org\/{rel}","templated":true}]}}