{"id":76305,"date":"2016-06-13T14:00:31","date_gmt":"2016-06-13T11:00:31","guid":{"rendered":"http:\/\/www.sana.sy\/tr\/?p=76305"},"modified":"2016-06-14T14:28:51","modified_gmt":"2016-06-14T11:28:51","slug":"yeniden-baslatmak-kosullu-olmamalidir","status":"publish","type":"post","link":"https:\/\/archive.sana.sy\/tr\/?p=76305","title":{"rendered":"Yeniden Ba\u015flatmak Ko\u015fullu Olmamal\u0131d\u0131r"},"content":{"rendered":"<p>MOSKOVA \u2013 Rusya D\u0131\u015fi\u015fleri Bakan\u0131 Yard\u0131mc\u0131s\u0131 Gennady Gatilov Suriyeliler aras\u0131nda Cenevre&#8217;de yap\u0131lan diyalog g\u00f6r\u00fc\u015fmelerinin en k\u0131sa zamanda yeniden ba\u015flat\u0131lmas\u0131 gere\u011fine vurgu yapt\u0131.<\/p>\n<p>Rus Haber Ajans\u0131 Ria Novosti\u2019ye bug\u00fcn a\u00e7\u0131klama yapan Gatilov; Suriyeliler aras\u0131ndaki diyalog g\u00f6r\u00fc\u015fmelerinin, bir k\u0131s\u0131m muhalif gruplar\u0131n kendi tutum ve vizyonlar\u0131n\u0131 ba\u015fkalar\u0131na dayatma ya da ki\u015fisel arzularla ko\u015fulland\u0131r\u0131lmamas\u0131 gere\u011finin alt\u0131n\u0131 \u00e7izdi. Gatilov muhalif gruplar\u0131n saflar\u0131n\u0131 birle\u015ftirmeleri gerekti\u011fine dikkat \u00e7ekerken, bunun olmamas\u0131n\u0131n g\u00f6r\u00fc\u015fmelerin ba\u015flamas\u0131n\u0131 aksatt\u0131\u011f\u0131n\u0131 s\u00f6yledi.<\/p>\n<p>Rusya ve ABD aras\u0131nda askeri koordinasyon konusunda ise Gatilov, bu ba\u011flamda ilerlemenin kaydedildi\u011fini ifade etti.<\/p>\n","protected":false},"excerpt":{"rendered":"<p>MOSKOVA \u2013 Rusya D\u0131\u015fi\u015fleri Bakan\u0131 Yard\u0131mc\u0131s\u0131 Gennady Gatilov Suriyeliler aras\u0131nda Cenevre&#8217;de yap\u0131lan diyalog g\u00f6r\u00fc\u015fmelerinin en k\u0131sa zamanda yeniden ba\u015flat\u0131lmas\u0131 gere\u011fine vurgu yapt\u0131. Rus Haber Ajans\u0131 Ria Novosti\u2019ye bug\u00fcn a\u00e7\u0131klama yapan Gatilov; Suriyeliler aras\u0131ndaki diyalog g\u00f6r\u00fc\u015fmelerinin, bir k\u0131s\u0131m muhalif gruplar\u0131n kendi tutum ve vizyonlar\u0131n\u0131 ba\u015fkalar\u0131na dayatma ya da ki\u015fisel arzularla ko\u015fulland\u0131r\u0131lmamas\u0131 gere\u011finin alt\u0131n\u0131 \u00e7izdi. Gatilov muhalif &hellip;<\/p>\n","protected":false},"author":1,"featured_media":61020,"comment_status":"closed","ping_status":"closed","sticky":false,"template":"","format":"standard","meta":{"footnotes":""},"categories":[458,459,17988],"tags":[21741],"class_list":["post-76305","post","type-post","status-publish","format-standard","has-post-thumbnail","","category-dunya1","category-haberler-arap-uluslararasi-politika","category-son-haberler","tag-rusya-disisleri-bakani-yardimcisi-gennady-gatilov-suriyeliler-arasinda-cenevrede-yapilan-diyalog-gorusmelerinin-en-kisa-zamanda-yeniden-baslatilmasi-geregine-vurgu-yapti"],"_links":{"self":[{"href":"https:\/\/archive.sana.sy\/tr\/index.php?rest_route=\/wp\/v2\/posts\/76305","targetHints":{"allow":["GET"]}}],"collection":[{"href":"https:\/\/archive.sana.sy\/tr\/index.php?rest_route=\/wp\/v2\/posts"}],"about":[{"href":"https:\/\/archive.sana.sy\/tr\/index.php?rest_route=\/wp\/v2\/types\/post"}],"author":[{"embeddable":true,"href":"https:\/\/archive.sana.sy\/tr\/index.php?rest_route=\/wp\/v2\/users\/1"}],"replies":[{"embeddable":true,"href":"https:\/\/archive.sana.sy\/tr\/index.php?rest_route=%2Fwp%2Fv2%2Fcomments&post=76305"}],"version-history":[{"count":0,"href":"https:\/\/archive.sana.sy\/tr\/index.php?rest_route=\/wp\/v2\/posts\/76305\/revisions"}],"wp:featuredmedia":[{"embeddable":true,"href":"https:\/\/archive.sana.sy\/tr\/index.php?rest_route=\/wp\/v2\/media\/61020"}],"wp:attachment":[{"href":"https:\/\/archive.sana.sy\/tr\/index.php?rest_route=%2Fwp%2Fv2%2Fmedia&parent=76305"}],"wp:term":[{"taxonomy":"category","embeddable":true,"href":"https:\/\/archive.sana.sy\/tr\/index.php?rest_route=%2Fwp%2Fv2%2Fcategories&post=76305"},{"taxonomy":"post_tag","embeddable":true,"href":"https:\/\/archive.sana.sy\/tr\/index.php?rest_route=%2Fwp%2Fv2%2Ftags&post=76305"}],"curies":[{"name":"wp","href":"https:\/\/api.w.org\/{rel}","templated":true}]}}