{"id":76309,"date":"2016-06-13T14:52:59","date_gmt":"2016-06-13T11:52:59","guid":{"rendered":"http:\/\/www.sana.sy\/tr\/?p=76309"},"modified":"2016-06-14T14:26:17","modified_gmt":"2016-06-14T11:26:17","slug":"dis-guclerin-patronajligindaki-ceteler-saldirilarini-surduruyor","status":"publish","type":"post","link":"https:\/\/archive.sana.sy\/tr\/?p=76309","title":{"rendered":"D\u0131\u015f G\u00fc\u00e7lerin Patronajl\u0131\u011f\u0131ndaki \u00c7eteler Sald\u0131r\u0131lar\u0131n\u0131 S\u00fcrd\u00fcr\u00fcyor"},"content":{"rendered":"<p>\u0130LLER \u2013 D\u0131\u015f g\u00fc\u00e7lerin patronajl\u0131\u011f\u0131nda \u015fiddet ve ter\u00f6r\u00fc t\u0131rmand\u0131rmaya \u00e7al\u0131\u015fan ter\u00f6r \u00f6rg\u00fctleri, i\u015fverenleri Erdo\u011fan ve Al Suud rejimlerinin talimatlar\u0131yla savunmas\u0131z sivil insanlara y\u00f6nelik sald\u0131r\u0131lar\u0131n\u0131 s\u00fcrd\u00fcr\u00fcyor.<\/p>\n<p><span style=\"color: #0000ff\">KUNAYTRA:<\/span><\/p>\n<p>Kunaytra \u0130l Emniyet M\u00fcd\u00fcrl\u00fc\u011f\u00fcnde bir kaynak SANA\u2019ya a\u00e7\u0131klamas\u0131nda \u0130srail destekli ter\u00f6ristlerin bug\u00fcn sabah saatlerinde Kunaytra\u2019n\u0131n Bat\u0131 Samadaniye Beldesinden Baas Kentindeki hizmet semtini top ve havan mermileriyle hedef ald\u0131klar\u0131n\u0131 s\u00f6yledi.<\/p>\n<p>Kaynak geli\u015fig\u00fczel hain sald\u0131r\u0131larda 1 \u00e7ocu\u011fun yaraland\u0131\u011f\u0131n\u0131, vatanda\u015flar\u0131n evlerine ilaveten sa\u011fl\u0131k m\u00fcd\u00fcrl\u00fc\u011f\u00fc, n\u00fcfus dairesi ve maliye m\u00fcd\u00fcrl\u00fc\u011f\u00fc binalar\u0131n\u0131n hasar g\u00f6rd\u00fc\u011f\u00fcn\u00fc belirtti.<\/p>\n<p>Kaide \u00d6rg\u00fct\u00fcn\u00fcn Suriye kolu olan ve \u0130srail&#8217;den muhtelif t\u00fcr destek alan Nusra Cephesi tekfircilerinin Cebata el Ha\u015fab Beldesinden Hadar Beldesine tabi tar\u0131m arazilerinde \u00e7al\u0131\u015fan \u00e7ift\u00e7ilere ate\u015f a\u00e7t\u0131klar\u0131n\u0131 da aktaran kaynak; ter\u00f6r ate\u015finde bir \u00e7ift\u00e7inin a\u011f\u0131r yaraland\u0131\u011f\u0131n\u0131 belirtti.<\/p>\n<div id='gallery-1' class='gallery galleryid-76309 gallery-columns-3 gallery-size-thumbnail'><figure class='gallery-item'>\n\t\t\t<div class='gallery-icon landscape'>\n\t\t\t\t<a href='https:\/\/archive.sana.sy\/tr\/wp-content\/uploads\/2016\/06\/Kunaytra-sald\u0131r\u0131-2.jpg'><img loading=\"lazy\" decoding=\"async\" width=\"150\" height=\"102\" src=\"https:\/\/archive.sana.sy\/tr\/wp-content\/uploads\/2016\/06\/Kunaytra-sald\u0131r\u0131-2-150x102.jpg\" class=\"attachment-thumbnail size-thumbnail\" alt=\"\" srcset=\"https:\/\/archive.sana.sy\/tr\/wp-content\/uploads\/2016\/06\/Kunaytra-sald\u0131r\u0131-2-150x102.jpg 150w, https:\/\/archive.sana.sy\/tr\/wp-content\/uploads\/2016\/06\/Kunaytra-sald\u0131r\u0131-2-300x205.jpg 300w, https:\/\/archive.sana.sy\/tr\/wp-content\/uploads\/2016\/06\/Kunaytra-sald\u0131r\u0131-2-768x524.jpg 768w, https:\/\/archive.sana.sy\/tr\/wp-content\/uploads\/2016\/06\/Kunaytra-sald\u0131r\u0131-2-1024x698.jpg 1024w, https:\/\/archive.sana.sy\/tr\/wp-content\/uploads\/2016\/06\/Kunaytra-sald\u0131r\u0131-2-110x75.jpg 110w, https:\/\/archive.sana.sy\/tr\/wp-content\/uploads\/2016\/06\/Kunaytra-sald\u0131r\u0131-2.jpg 1056w\" sizes=\"auto, (max-width: 150px) 100vw, 150px\" \/><\/a>\n\t\t\t<\/div><\/figure><figure class='gallery-item'>\n\t\t\t<div class='gallery-icon landscape'>\n\t\t\t\t<a href='https:\/\/archive.sana.sy\/tr\/wp-content\/uploads\/2016\/06\/Kunaytra-sald\u0131r\u0131-3.jpg'><img loading=\"lazy\" decoding=\"async\" width=\"150\" height=\"104\" src=\"https:\/\/archive.sana.sy\/tr\/wp-content\/uploads\/2016\/06\/Kunaytra-sald\u0131r\u0131-3-150x104.jpg\" class=\"attachment-thumbnail size-thumbnail\" alt=\"\" srcset=\"https:\/\/archive.sana.sy\/tr\/wp-content\/uploads\/2016\/06\/Kunaytra-sald\u0131r\u0131-3-150x104.jpg 150w, https:\/\/archive.sana.sy\/tr\/wp-content\/uploads\/2016\/06\/Kunaytra-sald\u0131r\u0131-3-300x209.jpg 300w, https:\/\/archive.sana.sy\/tr\/wp-content\/uploads\/2016\/06\/Kunaytra-sald\u0131r\u0131-3-768x535.jpg 768w, https:\/\/archive.sana.sy\/tr\/wp-content\/uploads\/2016\/06\/Kunaytra-sald\u0131r\u0131-3-1024x713.jpg 1024w, https:\/\/archive.sana.sy\/tr\/wp-content\/uploads\/2016\/06\/Kunaytra-sald\u0131r\u0131-3-110x75.jpg 110w, https:\/\/archive.sana.sy\/tr\/wp-content\/uploads\/2016\/06\/Kunaytra-sald\u0131r\u0131-3.jpg 1198w\" sizes=\"auto, (max-width: 150px) 100vw, 150px\" \/><\/a>\n\t\t\t<\/div><\/figure><figure class='gallery-item'>\n\t\t\t<div class='gallery-icon landscape'>\n\t\t\t\t<a href='https:\/\/archive.sana.sy\/tr\/wp-content\/uploads\/2016\/06\/Kunaytra-sald\u0131r\u0131.jpg'><img loading=\"lazy\" decoding=\"async\" width=\"150\" height=\"75\" src=\"https:\/\/archive.sana.sy\/tr\/wp-content\/uploads\/2016\/06\/Kunaytra-sald\u0131r\u0131-150x75.jpg\" class=\"attachment-thumbnail size-thumbnail\" alt=\"\" srcset=\"https:\/\/archive.sana.sy\/tr\/wp-content\/uploads\/2016\/06\/Kunaytra-sald\u0131r\u0131-150x75.jpg 150w, https:\/\/archive.sana.sy\/tr\/wp-content\/uploads\/2016\/06\/Kunaytra-sald\u0131r\u0131-300x150.jpg 300w, https:\/\/archive.sana.sy\/tr\/wp-content\/uploads\/2016\/06\/Kunaytra-sald\u0131r\u0131.jpg 660w\" sizes=\"auto, (max-width: 150px) 100vw, 150px\" \/><\/a>\n\t\t\t<\/div><\/figure>\n\t\t<\/div>\n\n<p><span style=\"color: #0000ff\">DERA:<\/span><\/p>\n<p>\u00d6te yandan Dera Valili\u011finde bir kaynak; yine \u0130srail taraf\u0131ndan desteklenip y\u00f6nlendirilen ter\u00f6ristlerin bug\u00fcn sabah saatlerinde Dera Mahatta yak\u0131nlar\u0131ndaki \u00e7ar\u015f\u0131 ve Demiryolu Semtini havan mermileriyle hedef alarak \u00e7at\u0131\u015fmalar\u0131 durdurma anla\u015fmas\u0131n\u0131 ihlal ettiklerini belirtti.<\/p>\n<p>Kaynak hain sald\u0131r\u0131larda be\u015feri isabetlerin olmad\u0131\u011f\u0131n\u0131, fakat \u00f6zel ve kamu m\u00fclklerde cidi hasarlar\u0131n olu\u015ftu\u011funu s\u00f6zlerine ekledi.<\/p>\n","protected":false},"excerpt":{"rendered":"<p>\u0130LLER \u2013 D\u0131\u015f g\u00fc\u00e7lerin patronajl\u0131\u011f\u0131nda \u015fiddet ve ter\u00f6r\u00fc t\u0131rmand\u0131rmaya \u00e7al\u0131\u015fan ter\u00f6r \u00f6rg\u00fctleri, i\u015fverenleri Erdo\u011fan ve Al Suud rejimlerinin talimatlar\u0131yla savunmas\u0131z sivil insanlara y\u00f6nelik sald\u0131r\u0131lar\u0131n\u0131 s\u00fcrd\u00fcr\u00fcyor. KUNAYTRA: Kunaytra \u0130l Emniyet M\u00fcd\u00fcrl\u00fc\u011f\u00fcnde bir kaynak SANA\u2019ya a\u00e7\u0131klamas\u0131nda \u0130srail destekli ter\u00f6ristlerin bug\u00fcn sabah saatlerinde Kunaytra\u2019n\u0131n Bat\u0131 Samadaniye Beldesinden Baas Kentindeki hizmet semtini top ve havan mermileriyle hedef ald\u0131klar\u0131n\u0131 s\u00f6yledi. &hellip;<\/p>\n","protected":false},"author":1,"featured_media":76313,"comment_status":"closed","ping_status":"closed","sticky":false,"template":"","format":"standard","meta":{"footnotes":""},"categories":[479,575,17988,478],"tags":[21742],"class_list":["post-76309","post","type-post","status-publish","format-standard","has-post-thumbnail","","category-haberler-yerel","category-olaylar-ve-gercekler","category-son-haberler","category-yerel","tag-dis-guclerin-patronajligindaki-ceteler-saldirilarini-surduruyor"],"_links":{"self":[{"href":"https:\/\/archive.sana.sy\/tr\/index.php?rest_route=\/wp\/v2\/posts\/76309","targetHints":{"allow":["GET"]}}],"collection":[{"href":"https:\/\/archive.sana.sy\/tr\/index.php?rest_route=\/wp\/v2\/posts"}],"about":[{"href":"https:\/\/archive.sana.sy\/tr\/index.php?rest_route=\/wp\/v2\/types\/post"}],"author":[{"embeddable":true,"href":"https:\/\/archive.sana.sy\/tr\/index.php?rest_route=\/wp\/v2\/users\/1"}],"replies":[{"embeddable":true,"href":"https:\/\/archive.sana.sy\/tr\/index.php?rest_route=%2Fwp%2Fv2%2Fcomments&post=76309"}],"version-history":[{"count":0,"href":"https:\/\/archive.sana.sy\/tr\/index.php?rest_route=\/wp\/v2\/posts\/76309\/revisions"}],"wp:featuredmedia":[{"embeddable":true,"href":"https:\/\/archive.sana.sy\/tr\/index.php?rest_route=\/wp\/v2\/media\/76313"}],"wp:attachment":[{"href":"https:\/\/archive.sana.sy\/tr\/index.php?rest_route=%2Fwp%2Fv2%2Fmedia&parent=76309"}],"wp:term":[{"taxonomy":"category","embeddable":true,"href":"https:\/\/archive.sana.sy\/tr\/index.php?rest_route=%2Fwp%2Fv2%2Fcategories&post=76309"},{"taxonomy":"post_tag","embeddable":true,"href":"https:\/\/archive.sana.sy\/tr\/index.php?rest_route=%2Fwp%2Fv2%2Ftags&post=76309"}],"curies":[{"name":"wp","href":"https:\/\/api.w.org\/{rel}","templated":true}]}}