{"id":76340,"date":"2016-06-13T14:02:37","date_gmt":"2016-06-13T11:02:37","guid":{"rendered":"http:\/\/www.sana.sy\/tr\/?p=76340"},"modified":"2016-06-14T14:28:47","modified_gmt":"2016-06-14T11:28:47","slug":"deyrezzorda-finaller-normal-bir-sekilde-seyir-ediyor","status":"publish","type":"post","link":"https:\/\/archive.sana.sy\/tr\/?p=76340","title":{"rendered":"Deyrezzor\u2019da Finaller Normal Bir \u015eekilde Seyir Ediyor"},"content":{"rendered":"<p>DEYREZZOR \u2013 Deyrezzor\u2019da F\u0131rat \u00dcniversitesi \u00f6\u011frencileri muhtelif fak\u00fcltelerinde ikinci d\u00f6nem finallerini s\u00fcrd\u00fcr\u00fcyor.<\/p>\n<p>F\u0131rat \u00dcniversitesi Rekt\u00f6r\u00fc Ali Yusuf el Ali SANA muhabirine a\u00e7\u0131klamas\u0131nda 05 Haziranda ba\u015flayan ve 30 Haziran tarihinde bitmesi beklenen \u00fcniversite finallerine \u00fcniversiteye tabi 11 fak\u00fcltede 2 binden fazla \u00f6\u011frencinin kat\u0131ld\u0131\u011f\u0131n\u0131 a\u00e7\u0131klad\u0131. Rekt\u00f6r bu rakamlar\u0131n aras\u0131nda ayr\u0131ca \u00fcniversitenin Rakka ilinde mevcut iki fak\u00fcltesinden konuk \u00f6\u011frencilerin de bulundu\u011funu s\u00f6zlerine ekledi.<\/p>\n<p>Finallere kat\u0131l\u0131m\u0131n az olma nedeninin I\u015e\u0130D\u2019in Deyrezzor Kentine s\u0131k\u0131 ablukas\u0131 nedeniyle \u00e7ok say\u0131da \u00f6\u011frencinin aileleriyle birlikte ba\u015fka illere tehcir edilmelerinden kaynakland\u0131\u011f\u0131n\u0131 belirten Rekt\u00f6r Ali; bu \u00f6\u011frencilerin di\u011fer illerde mevcut \u00fcniversitelerde konuk \u00f6\u011frenciler olarak \u00f6\u011fretimlerini tamamlay\u0131p orada s\u0131navlara kat\u0131ld\u0131klar\u0131n\u0131 s\u00f6yledi.<\/p>\n<p>\u00dcniversite Rekt\u00f6r\u00fc Ali; finallerin uygun ve normal bir \u015fekilde seyir etmeleri amac\u0131yla gerekli t\u00fcm icraatlar\u0131n al\u0131nd\u0131\u011f\u0131n\u0131 belirtti.<\/p>\n","protected":false},"excerpt":{"rendered":"<p>DEYREZZOR \u2013 Deyrezzor\u2019da F\u0131rat \u00dcniversitesi \u00f6\u011frencileri muhtelif fak\u00fcltelerinde ikinci d\u00f6nem finallerini s\u00fcrd\u00fcr\u00fcyor. F\u0131rat \u00dcniversitesi Rekt\u00f6r\u00fc Ali Yusuf el Ali SANA muhabirine a\u00e7\u0131klamas\u0131nda 05 Haziranda ba\u015flayan ve 30 Haziran tarihinde bitmesi beklenen \u00fcniversite finallerine \u00fcniversiteye tabi 11 fak\u00fcltede 2 binden fazla \u00f6\u011frencinin kat\u0131ld\u0131\u011f\u0131n\u0131 a\u00e7\u0131klad\u0131. Rekt\u00f6r bu rakamlar\u0131n aras\u0131nda ayr\u0131ca \u00fcniversitenin Rakka ilinde mevcut iki fak\u00fcltesinden konuk &hellip;<\/p>\n","protected":false},"author":1,"featured_media":76344,"comment_status":"closed","ping_status":"closed","sticky":false,"template":"","format":"standard","meta":{"footnotes":""},"categories":[479,17988,478],"tags":[21743],"class_list":["post-76340","post","type-post","status-publish","format-standard","has-post-thumbnail","","category-haberler-yerel","category-son-haberler","category-yerel","tag-deyrezzorda-finaller-normal-bir-sekilde-seyir-ediyor"],"_links":{"self":[{"href":"https:\/\/archive.sana.sy\/tr\/index.php?rest_route=\/wp\/v2\/posts\/76340","targetHints":{"allow":["GET"]}}],"collection":[{"href":"https:\/\/archive.sana.sy\/tr\/index.php?rest_route=\/wp\/v2\/posts"}],"about":[{"href":"https:\/\/archive.sana.sy\/tr\/index.php?rest_route=\/wp\/v2\/types\/post"}],"author":[{"embeddable":true,"href":"https:\/\/archive.sana.sy\/tr\/index.php?rest_route=\/wp\/v2\/users\/1"}],"replies":[{"embeddable":true,"href":"https:\/\/archive.sana.sy\/tr\/index.php?rest_route=%2Fwp%2Fv2%2Fcomments&post=76340"}],"version-history":[{"count":0,"href":"https:\/\/archive.sana.sy\/tr\/index.php?rest_route=\/wp\/v2\/posts\/76340\/revisions"}],"wp:featuredmedia":[{"embeddable":true,"href":"https:\/\/archive.sana.sy\/tr\/index.php?rest_route=\/wp\/v2\/media\/76344"}],"wp:attachment":[{"href":"https:\/\/archive.sana.sy\/tr\/index.php?rest_route=%2Fwp%2Fv2%2Fmedia&parent=76340"}],"wp:term":[{"taxonomy":"category","embeddable":true,"href":"https:\/\/archive.sana.sy\/tr\/index.php?rest_route=%2Fwp%2Fv2%2Fcategories&post=76340"},{"taxonomy":"post_tag","embeddable":true,"href":"https:\/\/archive.sana.sy\/tr\/index.php?rest_route=%2Fwp%2Fv2%2Ftags&post=76340"}],"curies":[{"name":"wp","href":"https:\/\/api.w.org\/{rel}","templated":true}]}}