{"id":76351,"date":"2016-06-13T16:51:03","date_gmt":"2016-06-13T13:51:03","guid":{"rendered":"http:\/\/www.sana.sy\/tr\/?p=76351"},"modified":"2016-06-14T16:10:25","modified_gmt":"2016-06-14T13:10:25","slug":"edat-rejimlerin-destekleyip-yonlendirdikleri-teroristlerin-ciddi-kayiplari-suruyor","status":"publish","type":"post","link":"https:\/\/archive.sana.sy\/tr\/?p=76351","title":{"rendered":"Edat Rejimlerin Destekleyip Y\u00f6nlendirdikleri Ter\u00f6ristlerin Ciddi Kay\u0131plar\u0131 S\u00fcr\u00fcyor(video)"},"content":{"rendered":"<p>\u0130LLER \u2013 Hava g\u00fc\u00e7lerimizden destek alan ordu birliklerimiz Erdo\u011fan, Al Suud ve Al Tani gibi s\u00f6m\u00fcr\u00fcc\u00fc devletlerin edatlar\u0131 olmalar\u0131yla Suriye ve halk\u0131na kin besleyen rejimlerin destekledikleri ter\u00f6ristleri a\u011f\u0131r silahlarla donat\u0131lm\u0131\u015f ara\u00e7lar\u0131 ve cephaneleriyle birlikte ciddi kay\u0131plara u\u011fratt\u0131lar.<\/p>\n<p><span style=\"color: #0000ff\">KUNAYTRA:<\/span><\/p>\n<p>Saha kaynaklar\u0131 SANA\u2019ya a\u00e7\u0131klamalar\u0131nda ordu birliklerimizin Halk Savunma G\u00fc\u00e7leriyle i\u015fbirli\u011fi i\u00e7inde Kunaytra k\u0131rsal\u0131 Cebata el Ha\u015fab B\u00f6lgesinden Hadar K\u00f6y\u00fc g\u00fcneyine d\u00fc\u015fen Humayriye Tepesindeki askeri noktalara sald\u0131rmaya \u00e7al\u0131\u015fan siyonist \u0130srail destekli Nusra Cephesine tabi ter\u00f6r gruplar\u0131yla \u015fiddetli \u00e7at\u0131\u015fmalara girdiklerini ifade etti.<\/p>\n<p>Kaynaklar; \u00e7at\u0131\u015fmalarda \u00e7ok say\u0131da ter\u00f6ristin \u00f6l\u00fc ve yaral\u0131 d\u00fc\u015f\u00fcr\u00fcl\u00fcp sa\u011f kal\u0131p ka\u00e7anlar\u0131n ise kovaland\u0131\u011f\u0131n\u0131 belirtirken, sald\u0131rganlar\u0131n havzalar\u0131nda bulunan ara\u00e7, silah ve m\u00fchimmatlar\u0131n\u0131n da yok edildi\u011fine dikkat \u00e7ekti.<\/p>\n<p><span style=\"color: #0000ff\">DEYREZZOR:<\/span><\/p>\n<p>Askeri kaynak; Deyrezzor Kentinin Ru\u015fdiye Semtine ilaveten Sarde Da\u011f\u0131 civarlar\u0131nda I\u015e\u0130D\u2019in siper ve komuta karargahlar\u0131na y\u00f6nelik nitelikli operasyonlar ger\u00e7ekle\u015ftiren ordu birliklerimizin; tekfircileri say\u0131 ve te\u00e7hizatlar\u0131yla birlikte a\u011f\u0131r kay\u0131plara u\u011fratt\u0131klar\u0131n\u0131 belirtti.<\/p>\n<p>Buna e\u015f zamanl\u0131 olarak Deyrezzor k\u0131rsal\u0131n\u0131n do\u011fusu Huvaycet Sakr B\u00f6lgesinde ordu birliklerimizin I\u015e\u0130D\u2019in toplanma yerleri ve mevkilerini yo\u011fun ate\u015fe tutuklar\u0131n\u0131 aktaran kaynak; buralarda da \u00e7ok say\u0131da ter\u00f6risti su\u00e7 edatlar\u0131yla birlikte yok ettiklerini a\u00e7\u0131klad\u0131.<\/p>\n<p><span style=\"color: #0000ff\">HAMA:<\/span><\/p>\n<p>\u00d6te yandan saha kaynaklar\u0131; ordu birliklerimizin Hama k\u0131rsal\u0131n\u0131n do\u011fusu Ukeyrbbat Beldesinin \u00e7evresinde en az 7 ter\u00f6risti \u00f6ld\u00fcr\u00fcp bir k\u0131sm\u0131 a\u011f\u0131r makineli silahlarla donat\u0131lm\u0131\u015f, bir k\u0131sm\u0131 da z\u0131rhl\u0131 olan ara\u00e7lar\u0131n\u0131 y\u00fckleriyle birlikte tamamen imha ettiklerini s\u00f6yledi.<\/p>\n<p>Hama \u0130line tabi Selemiye k\u0131rsal\u0131n\u0131n do\u011fusu Ruvayda K\u00f6y\u00fcnde de ordu birliklerimizin I\u015e\u0130D\u2019in yuva ve k\u00fcmelenme yerlerine kar\u015f\u0131 askeri operasyonlar ger\u00e7ekle\u015ftirdiklerini belirten kaynaklar; radikal ter\u00f6ristlerin saflar\u0131nda b\u00fcy\u00fck kay\u0131plara yol a\u00e7t\u0131klar\u0131n\u0131 s\u00f6zlerine ekledi.<\/p>\n<p><span style=\"color: #0000ff\">RAKKA:<\/span><\/p>\n<p>Askeri kaynak ordu birliklerimizin Rakka k\u0131rsal\u0131n\u0131n bat\u0131s\u0131 Tabaka ekseninde I\u015e\u0130D tekfircilerine kar\u015f\u0131 ba\u015far\u0131lar\u0131n\u0131 s\u00fcrd\u00fcrd\u00fcklerini belirtti.<\/p>\n<p>Kaynak bu g\u00fcnk\u00fc operasyonlarda Zekkiye Kav\u015fa\u011f\u0131 yak\u0131nlar\u0131nda askeri bir noktaya sald\u0131r\u0131 giri\u015fiminde bulunan I\u015e\u0130D tekfircilerine kar\u015f\u0131 koyularak aralar\u0131nda yabanc\u0131lar\u0131n bulundu\u011fu 16 ter\u00f6ristin \u00f6ld\u00fcr\u00fcld\u00fc\u011f\u00fcn\u00fc aktard\u0131.<\/p>\n<p>https:\/\/youtu.be\/fyfJTRAewDA<\/p>\n<p>R.H.<\/p>\n","protected":false},"excerpt":{"rendered":"<p>\u0130LLER \u2013 Hava g\u00fc\u00e7lerimizden destek alan ordu birliklerimiz Erdo\u011fan, Al Suud ve Al Tani gibi s\u00f6m\u00fcr\u00fcc\u00fc devletlerin edatlar\u0131 olmalar\u0131yla Suriye ve halk\u0131na kin besleyen rejimlerin destekledikleri ter\u00f6ristleri a\u011f\u0131r silahlarla donat\u0131lm\u0131\u015f ara\u00e7lar\u0131 ve cephaneleriyle birlikte ciddi kay\u0131plara u\u011fratt\u0131lar. KUNAYTRA: Saha kaynaklar\u0131 SANA\u2019ya a\u00e7\u0131klamalar\u0131nda ordu birliklerimizin Halk Savunma G\u00fc\u00e7leriyle i\u015fbirli\u011fi i\u00e7inde Kunaytra k\u0131rsal\u0131 Cebata el Ha\u015fab B\u00f6lgesinden &hellip;<\/p>\n","protected":false},"author":1,"featured_media":76360,"comment_status":"closed","ping_status":"closed","sticky":false,"template":"","format":"standard","meta":{"footnotes":""},"categories":[575,17988],"tags":[21745],"class_list":["post-76351","post","type-post","status-publish","format-standard","has-post-thumbnail","","category-olaylar-ve-gercekler","category-son-haberler","tag-edat-rejimlerin-destekleyip-yonlendirdikleri-teroristlerin-ciddi-kayiplari-suruyor"],"_links":{"self":[{"href":"https:\/\/archive.sana.sy\/tr\/index.php?rest_route=\/wp\/v2\/posts\/76351","targetHints":{"allow":["GET"]}}],"collection":[{"href":"https:\/\/archive.sana.sy\/tr\/index.php?rest_route=\/wp\/v2\/posts"}],"about":[{"href":"https:\/\/archive.sana.sy\/tr\/index.php?rest_route=\/wp\/v2\/types\/post"}],"author":[{"embeddable":true,"href":"https:\/\/archive.sana.sy\/tr\/index.php?rest_route=\/wp\/v2\/users\/1"}],"replies":[{"embeddable":true,"href":"https:\/\/archive.sana.sy\/tr\/index.php?rest_route=%2Fwp%2Fv2%2Fcomments&post=76351"}],"version-history":[{"count":0,"href":"https:\/\/archive.sana.sy\/tr\/index.php?rest_route=\/wp\/v2\/posts\/76351\/revisions"}],"wp:featuredmedia":[{"embeddable":true,"href":"https:\/\/archive.sana.sy\/tr\/index.php?rest_route=\/wp\/v2\/media\/76360"}],"wp:attachment":[{"href":"https:\/\/archive.sana.sy\/tr\/index.php?rest_route=%2Fwp%2Fv2%2Fmedia&parent=76351"}],"wp:term":[{"taxonomy":"category","embeddable":true,"href":"https:\/\/archive.sana.sy\/tr\/index.php?rest_route=%2Fwp%2Fv2%2Fcategories&post=76351"},{"taxonomy":"post_tag","embeddable":true,"href":"https:\/\/archive.sana.sy\/tr\/index.php?rest_route=%2Fwp%2Fv2%2Ftags&post=76351"}],"curies":[{"name":"wp","href":"https:\/\/api.w.org\/{rel}","templated":true}]}}