{"id":76384,"date":"2016-06-13T21:58:17","date_gmt":"2016-06-13T18:58:17","guid":{"rendered":"http:\/\/www.sana.sy\/tr\/?p=76384"},"modified":"2016-06-14T14:25:46","modified_gmt":"2016-06-14T11:25:46","slug":"tabiatin-korunmasi-alaninda-ortak-faaliyet-zapti-imzalandi","status":"publish","type":"post","link":"https:\/\/archive.sana.sy\/tr\/?p=76384","title":{"rendered":"Tabiat\u0131n Korunmas\u0131 Alan\u0131nda Ortak Faaliyet Zapt\u0131 \u0130mzaland\u0131"},"content":{"rendered":"<p>\u015eAM &#8211; \u00c7evreden Sorumlu Devlet Bakanl\u0131\u011f\u0131 ile Aile ve N\u00fcfus \u0130\u015fleri Komisyonu bug\u00fcn\u00a0\u00e7evre bilincini geli\u015ftirme ve demografik-s\u00fcrd\u00fcr\u00fclebilir kalk\u0131nma alanlar\u0131nda ortak faaliyet mutabakat zapt\u0131 imzalad\u0131lar.<\/p>\n<p>Bir y\u0131ll\u0131k s\u00fcre ile iki kurum aras\u0131nda belirlenen alanlardaki ortak faaliyetleri d\u00fczenleyen maddelerin s\u0131raland\u0131\u011f\u0131 mutabakat zapt\u0131nda k\u00fc\u00e7\u00fck \u00e7evre koruma projelerinin desteklenmesi, \u00e7evre ile ilgili toplumsal bilinci b\u00fcy\u00fct\u00fclmesi ve peki\u015ftirilmesi, tabiat\u0131n korunmas\u0131nda aile kurumunun rol\u00fcn\u00fc aktifle\u015ftirme ve bu alanda te\u015fvik edici faaliyetler d\u00fczenleme gibi ba\u015fl\u0131klar da yer al\u0131yor.<\/p>\n<p>Mutabakat zapt\u0131n\u0131n imzalanmas\u0131ndan sonra gazetecilere bir a\u00e7\u0131klama yapan \u00c7evre \u0130\u015flerinden Sorumlu Devlet Bakan\u0131 Nazire Serkis, bu zapt\u0131n imzalanmas\u0131n\u0131n iki kurum aras\u0131ndaki verimli i\u015fbirli\u011finin bir kan\u0131t\u0131 oldu\u011funa i\u015faret ederek tabiat\u0131 koruma faaliyetlerinin resmi kurumlar ve farkl\u0131 sekt\u00f6rler aras\u0131nda i\u015fbirli\u011fi ve koordinasyon gerektirdi\u011finin alt\u0131n\u0131 \u00e7izdi.<\/p>\n<p>Di\u011fer taraftan Bakanl\u0131k ile Aile-N\u00fcfus Komisyonu aras\u0131ndaki i\u015fbirli\u011finin tabiat\u0131n korunmas\u0131n\u0131n \u00f6nemi g\u00f6z \u00f6n\u00fcnde bulundurularak s\u00fcrekli var olaca\u011f\u0131n\u0131 ifade eden Aile ve N\u00fcfus \u0130\u015fleri Komisyonu Ba\u015fkan\u0131 Hedil el Esmer, tabiat\u0131n korunmas\u0131n\u0131n herkesin sorumlulu\u011fu oldu\u011funa dikkat \u00e7ekti.<\/p>\n<p>F.B. &#8211; R.H.<\/p>\n","protected":false},"excerpt":{"rendered":"<p>\u015eAM &#8211; \u00c7evreden Sorumlu Devlet Bakanl\u0131\u011f\u0131 ile Aile ve N\u00fcfus \u0130\u015fleri Komisyonu bug\u00fcn\u00a0\u00e7evre bilincini geli\u015ftirme ve demografik-s\u00fcrd\u00fcr\u00fclebilir kalk\u0131nma alanlar\u0131nda ortak faaliyet mutabakat zapt\u0131 imzalad\u0131lar. Bir y\u0131ll\u0131k s\u00fcre ile iki kurum aras\u0131nda belirlenen alanlardaki ortak faaliyetleri d\u00fczenleyen maddelerin s\u0131raland\u0131\u011f\u0131 mutabakat zapt\u0131nda k\u00fc\u00e7\u00fck \u00e7evre koruma projelerinin desteklenmesi, \u00e7evre ile ilgili toplumsal bilinci b\u00fcy\u00fct\u00fclmesi ve peki\u015ftirilmesi, tabiat\u0131n korunmas\u0131nda &hellip;<\/p>\n","protected":false},"author":1,"featured_media":76386,"comment_status":"closed","ping_status":"closed","sticky":false,"template":"","format":"standard","meta":{"footnotes":""},"categories":[479,17988,478],"tags":[21751],"class_list":["post-76384","post","type-post","status-publish","format-standard","has-post-thumbnail","","category-haberler-yerel","category-son-haberler","category-yerel","tag-tabiatin-korunmasi-alaninda-ortak-faaliyet-zapti-imzalandi"],"_links":{"self":[{"href":"https:\/\/archive.sana.sy\/tr\/index.php?rest_route=\/wp\/v2\/posts\/76384","targetHints":{"allow":["GET"]}}],"collection":[{"href":"https:\/\/archive.sana.sy\/tr\/index.php?rest_route=\/wp\/v2\/posts"}],"about":[{"href":"https:\/\/archive.sana.sy\/tr\/index.php?rest_route=\/wp\/v2\/types\/post"}],"author":[{"embeddable":true,"href":"https:\/\/archive.sana.sy\/tr\/index.php?rest_route=\/wp\/v2\/users\/1"}],"replies":[{"embeddable":true,"href":"https:\/\/archive.sana.sy\/tr\/index.php?rest_route=%2Fwp%2Fv2%2Fcomments&post=76384"}],"version-history":[{"count":0,"href":"https:\/\/archive.sana.sy\/tr\/index.php?rest_route=\/wp\/v2\/posts\/76384\/revisions"}],"wp:featuredmedia":[{"embeddable":true,"href":"https:\/\/archive.sana.sy\/tr\/index.php?rest_route=\/wp\/v2\/media\/76386"}],"wp:attachment":[{"href":"https:\/\/archive.sana.sy\/tr\/index.php?rest_route=%2Fwp%2Fv2%2Fmedia&parent=76384"}],"wp:term":[{"taxonomy":"category","embeddable":true,"href":"https:\/\/archive.sana.sy\/tr\/index.php?rest_route=%2Fwp%2Fv2%2Fcategories&post=76384"},{"taxonomy":"post_tag","embeddable":true,"href":"https:\/\/archive.sana.sy\/tr\/index.php?rest_route=%2Fwp%2Fv2%2Ftags&post=76384"}],"curies":[{"name":"wp","href":"https:\/\/api.w.org\/{rel}","templated":true}]}}