{"id":7641,"date":"2014-08-18T23:14:15","date_gmt":"2014-08-18T20:14:15","guid":{"rendered":"http:\/\/www.sana.sy\/tr\/?p=7641"},"modified":"2014-08-19T00:17:15","modified_gmt":"2014-08-18T21:17:15","slug":"syria-motex-2de-suriye-giyimi-begeni-ve-ilgi-odagi-oldu","status":"publish","type":"post","link":"https:\/\/archive.sana.sy\/tr\/?p=7641","title":{"rendered":"Syria Motex 2\u2019de Suriye Giyimi Be\u011feni ve \u0130lgi Oda\u011f\u0131 Oldu"},"content":{"rendered":"<p>BEYRUT \u2013 Syria MOTEX 2 fuar\u0131n\u0131n farkl\u0131 \u00fclkelerden gelen ziyaret\u00e7ilerinin, Suriye \u00fcr\u00fcn\u00fc tekstil ve giyim \u00fcr\u00fcnlerine g\u00f6sterdikleri ilgi ve be\u011feni g\u00fcnden g\u00fcne artmaya devam ediyor.<\/p>\n<p>Fuar\u0131 ziyaret etmek i\u00e7in Yemen\u2019den gelen Velit Ali el Anzi, SANA\u2019n\u0131n Beyrut muhabirine yapt\u0131\u011f\u0131 a\u00e7\u0131klamada; Suriye giyim \u00fcr\u00fcnlerini direk \u00fcreticisinden sat\u0131n almak isteyenlerin bu fuarda bulu\u015ftu\u011funu ifade etti.<\/p>\n<p>Suriye giyiminin fuar ziyaret\u00e7ileri taraf\u0131ndan b\u00fcy\u00fck bir ilgi ve be\u011feniyle kar\u015f\u0131land\u0131\u011f\u0131na dikkat \u00e7eken Anzi; Suriyeli \u00fcreticilerin bu alanda y\u0131llara dayanan bir itibar\u0131 ve g\u00fcvenilirli\u011fi bulundu\u011funun alt\u0131n\u0131 \u00e7izdi.<\/p>\n<p>Fuara Libya\u2019dan gelen T\u00fcccar Muhammed el Kutaymi; bu fuar\u0131n giyim sekt\u00f6r\u00fc i\u00e7in b\u00fcy\u00fck bir \u00f6nem ta\u015f\u0131d\u0131\u011f\u0131na i\u015faret ederek Suriye\u2019nin \u00e7ocuk giyiminde Libyal\u0131lar\u0131n zevkine birebir hitap etti\u011finin alt\u0131n\u0131 \u00e7izdi.<\/p>\n<p>Libya pazar\u0131nda giyim sekt\u00f6r\u00fcnde b\u00fcy\u00fck bir \u00e7e\u015fitlilik bulunmas\u0131na ra\u011fmen Suriye \u00fcr\u00fcnlerinin her zaman ilgi ve be\u011feni oda\u011f\u0131 oldu\u011funa dikkat \u00e7eken Kutaymi; ayr\u0131ca Syria MOTEX 2 fuar\u0131n\u0131n \u015eeker Bayram\u0131 ve Kurban Bayram\u0131 aras\u0131nda d\u00fczenlenmesinin t\u00fcccarlar i\u00e7in harika bir zamanlama oldu\u011funun alt\u0131n\u0131 \u00e7izdi.<\/p>\n<p>Suriyeli giyim stantlar\u0131 aras\u0131nda hayran hayran bak\u0131narak gezen M\u0131s\u0131rl\u0131 T\u00fcccar \u0130yhab Nedim\u2019de fuar\u0131n zamanlamas\u0131n\u0131n \u00e7ok iyi oldu\u011funa dikkat \u00e7ekerek Syria MOTEX 2 fuar\u0131n\u0131n Suriye \u00fcr\u00fcnlerine ilgi g\u00f6steren t\u00fcccarlar i\u00e7in harika bir sahne oldu\u011funu ibraz etti.<\/p>\n<p><a href=\"http:\/\/www.sana.sy\/tr\/wp-content\/uploads\/2014\/08\/fuar-31.jpg\"><img loading=\"lazy\" decoding=\"async\" class=\"alignleft wp-image-7628 size-medium\" src=\"http:\/\/www.sana.sy\/tr\/wp-content\/uploads\/2014\/08\/fuar-31-300x226.jpg\" alt=\"fuar 3\" width=\"300\" height=\"226\" srcset=\"https:\/\/archive.sana.sy\/tr\/wp-content\/uploads\/2014\/08\/fuar-31-300x226.jpg 300w, https:\/\/archive.sana.sy\/tr\/wp-content\/uploads\/2014\/08\/fuar-31-150x113.jpg 150w, https:\/\/archive.sana.sy\/tr\/wp-content\/uploads\/2014\/08\/fuar-31-1024x771.jpg 1024w, https:\/\/archive.sana.sy\/tr\/wp-content\/uploads\/2014\/08\/fuar-31.jpg 1261w\" sizes=\"auto, (max-width: 300px) 100vw, 300px\" \/><\/a> <a href=\"http:\/\/www.sana.sy\/tr\/wp-content\/uploads\/2014\/08\/fuar-21.jpg\"><img loading=\"lazy\" decoding=\"async\" class=\"alignright wp-image-7627 size-medium\" src=\"http:\/\/www.sana.sy\/tr\/wp-content\/uploads\/2014\/08\/fuar-21-300x213.jpg\" alt=\"fuar 2\" width=\"300\" height=\"213\" srcset=\"https:\/\/archive.sana.sy\/tr\/wp-content\/uploads\/2014\/08\/fuar-21-300x213.jpg 300w, https:\/\/archive.sana.sy\/tr\/wp-content\/uploads\/2014\/08\/fuar-21-150x106.jpg 150w, https:\/\/archive.sana.sy\/tr\/wp-content\/uploads\/2014\/08\/fuar-21-1024x728.jpg 1024w, https:\/\/archive.sana.sy\/tr\/wp-content\/uploads\/2014\/08\/fuar-21.jpg 1205w\" sizes=\"auto, (max-width: 300px) 100vw, 300px\" \/><\/a><\/p>\n","protected":false},"excerpt":{"rendered":"<p>BEYRUT \u2013 Syria MOTEX 2 fuar\u0131n\u0131n farkl\u0131 \u00fclkelerden gelen ziyaret\u00e7ilerinin, Suriye \u00fcr\u00fcn\u00fc tekstil ve giyim \u00fcr\u00fcnlerine g\u00f6sterdikleri ilgi ve be\u011feni g\u00fcnden g\u00fcne artmaya devam ediyor. Fuar\u0131 ziyaret etmek i\u00e7in Yemen\u2019den gelen Velit Ali el Anzi, SANA\u2019n\u0131n Beyrut muhabirine yapt\u0131\u011f\u0131 a\u00e7\u0131klamada; Suriye giyim \u00fcr\u00fcnlerini direk \u00fcreticisinden sat\u0131n almak isteyenlerin bu fuarda bulu\u015ftu\u011funu ifade etti. Suriye giyiminin &hellip;<\/p>\n","protected":false},"author":1,"featured_media":7626,"comment_status":"closed","ping_status":"closed","sticky":false,"template":"","format":"standard","meta":{"footnotes":""},"categories":[458,485,596,459],"tags":[1702],"class_list":["post-7641","post","type-post","status-publish","format-standard","has-post-thumbnail","","category-dunya1","category-is-ve-sermaye","category-fotografli-raporlar","category-haberler-arap-uluslararasi-politika","tag-syria-motex-2de-suriye-giyimi-begeni-ve-ilgi-odagi-oldu"],"_links":{"self":[{"href":"https:\/\/archive.sana.sy\/tr\/index.php?rest_route=\/wp\/v2\/posts\/7641","targetHints":{"allow":["GET"]}}],"collection":[{"href":"https:\/\/archive.sana.sy\/tr\/index.php?rest_route=\/wp\/v2\/posts"}],"about":[{"href":"https:\/\/archive.sana.sy\/tr\/index.php?rest_route=\/wp\/v2\/types\/post"}],"author":[{"embeddable":true,"href":"https:\/\/archive.sana.sy\/tr\/index.php?rest_route=\/wp\/v2\/users\/1"}],"replies":[{"embeddable":true,"href":"https:\/\/archive.sana.sy\/tr\/index.php?rest_route=%2Fwp%2Fv2%2Fcomments&post=7641"}],"version-history":[{"count":0,"href":"https:\/\/archive.sana.sy\/tr\/index.php?rest_route=\/wp\/v2\/posts\/7641\/revisions"}],"wp:featuredmedia":[{"embeddable":true,"href":"https:\/\/archive.sana.sy\/tr\/index.php?rest_route=\/wp\/v2\/media\/7626"}],"wp:attachment":[{"href":"https:\/\/archive.sana.sy\/tr\/index.php?rest_route=%2Fwp%2Fv2%2Fmedia&parent=7641"}],"wp:term":[{"taxonomy":"category","embeddable":true,"href":"https:\/\/archive.sana.sy\/tr\/index.php?rest_route=%2Fwp%2Fv2%2Fcategories&post=7641"},{"taxonomy":"post_tag","embeddable":true,"href":"https:\/\/archive.sana.sy\/tr\/index.php?rest_route=%2Fwp%2Fv2%2Ftags&post=7641"}],"curies":[{"name":"wp","href":"https:\/\/api.w.org\/{rel}","templated":true}]}}