{"id":76421,"date":"2016-06-14T14:22:09","date_gmt":"2016-06-14T11:22:09","guid":{"rendered":"http:\/\/www.sana.sy\/tr\/?p=76421"},"modified":"2016-06-15T14:37:14","modified_gmt":"2016-06-15T11:37:14","slug":"tekfirci-teroristlere-giden-israil-bombalari-yakalandi","status":"publish","type":"post","link":"https:\/\/archive.sana.sy\/tr\/?p=76421","title":{"rendered":"Tekfirci Ter\u00f6ristlere Giden \u0130srail Bombalar\u0131 Yakaland\u0131 (video)"},"content":{"rendered":"<p>S\u00dcVEYDA \u2013 Halk Savunma G\u00fc\u00e7leri bug\u00fcn erken saatlerde S\u00fcveyda k\u0131rsal\u0131n\u0131n kuzeyi K\u00fcHadar B\u00f6lgesinde aralar\u0131nda \u0130srail yap\u0131m\u0131 bombalar\u0131n bulundu\u011fu cephane y\u00fckl\u00fc bir ara\u00e7 yakalad\u0131.<\/p>\n<p><a href=\"http:\/\/www.sana.sy\/tr\/wp-content\/uploads\/2016\/06\/silahlar-6.jpg\"><img loading=\"lazy\" decoding=\"async\" class=\"alignright wp-image-76430 size-medium\" src=\"http:\/\/www.sana.sy\/tr\/wp-content\/uploads\/2016\/06\/silahlar-6-300x150.jpg\" alt=\"silahlar 6\" width=\"300\" height=\"150\" srcset=\"https:\/\/archive.sana.sy\/tr\/wp-content\/uploads\/2016\/06\/silahlar-6-300x150.jpg 300w, https:\/\/archive.sana.sy\/tr\/wp-content\/uploads\/2016\/06\/silahlar-6-150x75.jpg 150w, https:\/\/archive.sana.sy\/tr\/wp-content\/uploads\/2016\/06\/silahlar-6.jpg 660w\" sizes=\"auto, (max-width: 300px) 100vw, 300px\" \/><\/a>S\u00fcveyda Valili\u011finde bir kaynak SANA\u2019ya a\u00e7\u0131klamas\u0131nda Halk Savunma G\u00fc\u00e7leri devriyesinin soru\u015fturma ve takip operasyonu sonucunda K\u00fc hadar B\u00f6lgesinde ter\u00f6ristlere s\u0131k\u0131 bir pusu kurduklar\u0131n\u0131 s\u00f6yledi. Kaynak L\u00fcca B\u00f6lgesinde \u0130srail destekli ter\u00f6ristlerden Badiya B\u00f6lgesindeki tekfirci ter\u00f6ristlere cephane ka\u00e7\u0131ran ter\u00f6ristlere kurulan pusuda ter\u00f6ristlerle s\u0131cak temasa girildi\u011fini belirtti. Pusuda bir\u00e7ok ter\u00f6ristin \u00f6l\u00fc yaral\u0131 d\u00fc\u015f\u00fcr\u00fcld\u00fc\u011f\u00fcn\u00fc ifade eden kaynak; aralar\u0131nda \u0130srail mal\u0131 bombalar\u0131n bulundu\u011fu muhtelif t\u00fcr cephane ele ge\u00e7irildi\u011fini s\u00f6zlerine ekledi.<\/p>\n<div id='gallery-1' class='gallery galleryid-76421 gallery-columns-3 gallery-size-thumbnail'><figure class='gallery-item'>\n\t\t\t<div class='gallery-icon landscape'>\n\t\t\t\t<a href='https:\/\/archive.sana.sy\/tr\/wp-content\/uploads\/2016\/06\/silahlar-1.jpg'><img loading=\"lazy\" decoding=\"async\" width=\"150\" height=\"99\" src=\"https:\/\/archive.sana.sy\/tr\/wp-content\/uploads\/2016\/06\/silahlar-1-150x99.jpg\" class=\"attachment-thumbnail size-thumbnail\" alt=\"\" srcset=\"https:\/\/archive.sana.sy\/tr\/wp-content\/uploads\/2016\/06\/silahlar-1-150x99.jpg 150w, https:\/\/archive.sana.sy\/tr\/wp-content\/uploads\/2016\/06\/silahlar-1-300x199.jpg 300w, https:\/\/archive.sana.sy\/tr\/wp-content\/uploads\/2016\/06\/silahlar-1-768x508.jpg 768w, https:\/\/archive.sana.sy\/tr\/wp-content\/uploads\/2016\/06\/silahlar-1-310x205.jpg 310w, https:\/\/archive.sana.sy\/tr\/wp-content\/uploads\/2016\/06\/silahlar-1.jpg 1000w\" sizes=\"auto, (max-width: 150px) 100vw, 150px\" \/><\/a>\n\t\t\t<\/div><\/figure><figure class='gallery-item'>\n\t\t\t<div class='gallery-icon landscape'>\n\t\t\t\t<a href='https:\/\/archive.sana.sy\/tr\/wp-content\/uploads\/2016\/06\/silahlar-2.jpg'><img loading=\"lazy\" decoding=\"async\" width=\"150\" height=\"99\" src=\"https:\/\/archive.sana.sy\/tr\/wp-content\/uploads\/2016\/06\/silahlar-2-150x99.jpg\" class=\"attachment-thumbnail size-thumbnail\" alt=\"\" srcset=\"https:\/\/archive.sana.sy\/tr\/wp-content\/uploads\/2016\/06\/silahlar-2-150x99.jpg 150w, https:\/\/archive.sana.sy\/tr\/wp-content\/uploads\/2016\/06\/silahlar-2-300x199.jpg 300w, https:\/\/archive.sana.sy\/tr\/wp-content\/uploads\/2016\/06\/silahlar-2-768x508.jpg 768w, https:\/\/archive.sana.sy\/tr\/wp-content\/uploads\/2016\/06\/silahlar-2-310x205.jpg 310w, https:\/\/archive.sana.sy\/tr\/wp-content\/uploads\/2016\/06\/silahlar-2.jpg 1000w\" sizes=\"auto, (max-width: 150px) 100vw, 150px\" \/><\/a>\n\t\t\t<\/div><\/figure><figure class='gallery-item'>\n\t\t\t<div class='gallery-icon landscape'>\n\t\t\t\t<a href='https:\/\/archive.sana.sy\/tr\/wp-content\/uploads\/2016\/06\/silahlar-3.jpg'><img loading=\"lazy\" decoding=\"async\" width=\"150\" height=\"99\" src=\"https:\/\/archive.sana.sy\/tr\/wp-content\/uploads\/2016\/06\/silahlar-3-150x99.jpg\" class=\"attachment-thumbnail size-thumbnail\" alt=\"\" srcset=\"https:\/\/archive.sana.sy\/tr\/wp-content\/uploads\/2016\/06\/silahlar-3-150x99.jpg 150w, https:\/\/archive.sana.sy\/tr\/wp-content\/uploads\/2016\/06\/silahlar-3-300x199.jpg 300w, https:\/\/archive.sana.sy\/tr\/wp-content\/uploads\/2016\/06\/silahlar-3-768x508.jpg 768w, https:\/\/archive.sana.sy\/tr\/wp-content\/uploads\/2016\/06\/silahlar-3-310x205.jpg 310w, https:\/\/archive.sana.sy\/tr\/wp-content\/uploads\/2016\/06\/silahlar-3.jpg 1000w\" sizes=\"auto, (max-width: 150px) 100vw, 150px\" \/><\/a>\n\t\t\t<\/div><\/figure><figure class='gallery-item'>\n\t\t\t<div class='gallery-icon landscape'>\n\t\t\t\t<a href='https:\/\/archive.sana.sy\/tr\/wp-content\/uploads\/2016\/06\/silahlar-4.jpg'><img loading=\"lazy\" decoding=\"async\" width=\"150\" height=\"99\" src=\"https:\/\/archive.sana.sy\/tr\/wp-content\/uploads\/2016\/06\/silahlar-4-150x99.jpg\" class=\"attachment-thumbnail size-thumbnail\" alt=\"\" srcset=\"https:\/\/archive.sana.sy\/tr\/wp-content\/uploads\/2016\/06\/silahlar-4-150x99.jpg 150w, https:\/\/archive.sana.sy\/tr\/wp-content\/uploads\/2016\/06\/silahlar-4-300x199.jpg 300w, https:\/\/archive.sana.sy\/tr\/wp-content\/uploads\/2016\/06\/silahlar-4-768x508.jpg 768w, https:\/\/archive.sana.sy\/tr\/wp-content\/uploads\/2016\/06\/silahlar-4-310x205.jpg 310w, https:\/\/archive.sana.sy\/tr\/wp-content\/uploads\/2016\/06\/silahlar-4.jpg 1000w\" sizes=\"auto, (max-width: 150px) 100vw, 150px\" \/><\/a>\n\t\t\t<\/div><\/figure><figure class='gallery-item'>\n\t\t\t<div class='gallery-icon landscape'>\n\t\t\t\t<a href='https:\/\/archive.sana.sy\/tr\/wp-content\/uploads\/2016\/06\/silahlar-7.jpg'><img loading=\"lazy\" decoding=\"async\" width=\"150\" height=\"101\" src=\"https:\/\/archive.sana.sy\/tr\/wp-content\/uploads\/2016\/06\/silahlar-7-150x101.jpg\" class=\"attachment-thumbnail size-thumbnail\" alt=\"\" srcset=\"https:\/\/archive.sana.sy\/tr\/wp-content\/uploads\/2016\/06\/silahlar-7-150x101.jpg 150w, https:\/\/archive.sana.sy\/tr\/wp-content\/uploads\/2016\/06\/silahlar-7-300x202.jpg 300w, https:\/\/archive.sana.sy\/tr\/wp-content\/uploads\/2016\/06\/silahlar-7-768x517.jpg 768w, https:\/\/archive.sana.sy\/tr\/wp-content\/uploads\/2016\/06\/silahlar-7-110x75.jpg 110w, https:\/\/archive.sana.sy\/tr\/wp-content\/uploads\/2016\/06\/silahlar-7.jpg 846w\" sizes=\"auto, (max-width: 150px) 100vw, 150px\" \/><\/a>\n\t\t\t<\/div><\/figure>\n\t\t<\/div>\n\n<p>https:\/\/www.youtube.com\/watch?v=tDvtawS0_-o<\/p>\n","protected":false},"excerpt":{"rendered":"<p>S\u00dcVEYDA \u2013 Halk Savunma G\u00fc\u00e7leri bug\u00fcn erken saatlerde S\u00fcveyda k\u0131rsal\u0131n\u0131n kuzeyi K\u00fcHadar B\u00f6lgesinde aralar\u0131nda \u0130srail yap\u0131m\u0131 bombalar\u0131n bulundu\u011fu cephane y\u00fckl\u00fc bir ara\u00e7 yakalad\u0131. S\u00fcveyda Valili\u011finde bir kaynak SANA\u2019ya a\u00e7\u0131klamas\u0131nda Halk Savunma G\u00fc\u00e7leri devriyesinin soru\u015fturma ve takip operasyonu sonucunda K\u00fc hadar B\u00f6lgesinde ter\u00f6ristlere s\u0131k\u0131 bir pusu kurduklar\u0131n\u0131 s\u00f6yledi. Kaynak L\u00fcca B\u00f6lgesinde \u0130srail destekli ter\u00f6ristlerden Badiya B\u00f6lgesindeki &hellip;<\/p>\n","protected":false},"author":1,"featured_media":76424,"comment_status":"closed","ping_status":"closed","sticky":false,"template":"","format":"standard","meta":{"footnotes":""},"categories":[479,575,17988,478],"tags":[21758],"class_list":["post-76421","post","type-post","status-publish","format-standard","has-post-thumbnail","","category-haberler-yerel","category-olaylar-ve-gercekler","category-son-haberler","category-yerel","tag-tekfirci-teroristlere-giden-israil-bombalari-yakalandi"],"_links":{"self":[{"href":"https:\/\/archive.sana.sy\/tr\/index.php?rest_route=\/wp\/v2\/posts\/76421","targetHints":{"allow":["GET"]}}],"collection":[{"href":"https:\/\/archive.sana.sy\/tr\/index.php?rest_route=\/wp\/v2\/posts"}],"about":[{"href":"https:\/\/archive.sana.sy\/tr\/index.php?rest_route=\/wp\/v2\/types\/post"}],"author":[{"embeddable":true,"href":"https:\/\/archive.sana.sy\/tr\/index.php?rest_route=\/wp\/v2\/users\/1"}],"replies":[{"embeddable":true,"href":"https:\/\/archive.sana.sy\/tr\/index.php?rest_route=%2Fwp%2Fv2%2Fcomments&post=76421"}],"version-history":[{"count":0,"href":"https:\/\/archive.sana.sy\/tr\/index.php?rest_route=\/wp\/v2\/posts\/76421\/revisions"}],"wp:featuredmedia":[{"embeddable":true,"href":"https:\/\/archive.sana.sy\/tr\/index.php?rest_route=\/wp\/v2\/media\/76424"}],"wp:attachment":[{"href":"https:\/\/archive.sana.sy\/tr\/index.php?rest_route=%2Fwp%2Fv2%2Fmedia&parent=76421"}],"wp:term":[{"taxonomy":"category","embeddable":true,"href":"https:\/\/archive.sana.sy\/tr\/index.php?rest_route=%2Fwp%2Fv2%2Fcategories&post=76421"},{"taxonomy":"post_tag","embeddable":true,"href":"https:\/\/archive.sana.sy\/tr\/index.php?rest_route=%2Fwp%2Fv2%2Ftags&post=76421"}],"curies":[{"name":"wp","href":"https:\/\/api.w.org\/{rel}","templated":true}]}}