{"id":7643,"date":"2014-08-18T23:17:32","date_gmt":"2014-08-18T20:17:32","guid":{"rendered":"http:\/\/www.sana.sy\/tr\/?p=7643"},"modified":"2014-08-19T00:19:21","modified_gmt":"2014-08-18T21:19:21","slug":"guvenli-olmayan-bolgelere-tibbi-yardim-ulastirma-yontemleri-incelendi","status":"publish","type":"post","link":"https:\/\/archive.sana.sy\/tr\/?p=7643","title":{"rendered":"G\u00fcvenli Olmayan B\u00f6lgelere T\u0131bbi Yard\u0131m Ula\u015ft\u0131rma Y\u00f6ntemleri \u0130ncelendi"},"content":{"rendered":"<p>\u015eAM \u2013 \u0130\u015flemleri Y\u00fcr\u00fctmekle M\u00fckellef Kabinede Sa\u011fl\u0131k Bakan\u0131 Saad el Nayif; D\u00fcnya Sa\u011fl\u0131k \u00d6rg\u00fct\u00fc\u2019n\u00fcn \u015eam\u2019da ikamet etmekte olan temsilcisi Elizabet Hovf ile bir araya gelerek g\u00fcvenli olmayan b\u00f6lgelere t\u0131bbi yard\u0131m ula\u015ft\u0131r\u0131lmas\u0131n\u0131n y\u00f6ntemlerini inceledi.<\/p>\n<p><a href=\"http:\/\/www.sana.sy\/tr\/wp-content\/uploads\/2014\/08\/Sa\u011fl\u0131k-bakan\u0131-2.jpg\"><img loading=\"lazy\" decoding=\"async\" class=\"alignright wp-image-7625 size-medium\" src=\"http:\/\/www.sana.sy\/tr\/wp-content\/uploads\/2014\/08\/Sa\u011fl\u0131k-bakan\u0131-2-300x199.jpg\" alt=\"Sa\u011fl\u0131k bakan\u0131 2\" width=\"300\" height=\"199\" srcset=\"https:\/\/archive.sana.sy\/tr\/wp-content\/uploads\/2014\/08\/Sa\u011fl\u0131k-bakan\u0131-2-300x199.jpg 300w, https:\/\/archive.sana.sy\/tr\/wp-content\/uploads\/2014\/08\/Sa\u011fl\u0131k-bakan\u0131-2-150x99.jpg 150w, https:\/\/archive.sana.sy\/tr\/wp-content\/uploads\/2014\/08\/Sa\u011fl\u0131k-bakan\u0131-2-1024x680.jpg 1024w\" sizes=\"auto, (max-width: 300px) 100vw, 300px\" \/><\/a>Haseke, Dera ve di\u011fer b\u00fct\u00fcn illerde bulunan ve g\u00fcvenli olmayan b\u00f6lgelere t\u0131bbi yard\u0131m ula\u015ft\u0131r\u0131lmas\u0131 i\u00e7in Bakanl\u0131k ile D\u00fcnya Sa\u011fl\u0131k \u00d6rg\u00fct\u00fc aras\u0131ndaki i\u015fbirli\u011fi ve koordinasyonun peki\u015ftirilmesi gere\u011fine i\u015faret eden Nayif; Bakanl\u0131\u011f\u0131n Haseke Sa\u011fl\u0131k M\u00fcd\u00fcrl\u00fc\u011f\u00fcnden Suriyeli ve Irakl\u0131 vatanda\u015flara gerekli b\u00fct\u00fcn t\u0131bbi yard\u0131m\u0131 sunmas\u0131 talimat\u0131n\u0131 verdi\u011fini belirtti.<\/p>\n<p>\u00d6te yandan D\u00fcnya Sa\u011fl\u0131k \u00d6rg\u00fct\u00fc B\u00f6lge M\u00fcd\u00fcr\u00fc Alaaddin el \u0130lvan\u2019dan, Suriye H\u00fck\u00fcmetini takdir mesaj\u0131 getiren Hovf; Sa\u011fl\u0131k Bakanl\u0131\u011f\u0131n\u0131n D\u00fcnya Sa\u011fl\u0131k \u00d6rg\u00fct\u00fc ile i\u015fbirli\u011finin ve h\u00fck\u00fcmetin genel olarak sa\u011fl\u0131k sekt\u00f6r\u00fcne verdi\u011fi deste\u011fin takdire \u015fayan oldu\u011funun alt\u0131n\u0131 \u00e7izdi.<\/p>\n<p>D\u00fcnya Sa\u011fl\u0131k \u00d6rg\u00fct\u00fcnan Suriye h\u00fck\u00fcmeti ile i\u015fbirli\u011fi yapmaya \u00f6nem verdi\u011fini dile getiren Hovf; ya\u015fanan olaylar nedeniyle g\u00fcvenli\u011fi kalmayan b\u00f6lgelere t\u0131bbi yard\u0131m ula\u015ft\u0131r\u0131lmas\u0131n\u0131n hayati bir \u00f6nem ta\u015f\u0131d\u0131\u011f\u0131n\u0131 vurgulad\u0131.<\/p>\n","protected":false},"excerpt":{"rendered":"<p>\u015eAM \u2013 \u0130\u015flemleri Y\u00fcr\u00fctmekle M\u00fckellef Kabinede Sa\u011fl\u0131k Bakan\u0131 Saad el Nayif; D\u00fcnya Sa\u011fl\u0131k \u00d6rg\u00fct\u00fc\u2019n\u00fcn \u015eam\u2019da ikamet etmekte olan temsilcisi Elizabet Hovf ile bir araya gelerek g\u00fcvenli olmayan b\u00f6lgelere t\u0131bbi yard\u0131m ula\u015ft\u0131r\u0131lmas\u0131n\u0131n y\u00f6ntemlerini inceledi. Haseke, Dera ve di\u011fer b\u00fct\u00fcn illerde bulunan ve g\u00fcvenli olmayan b\u00f6lgelere t\u0131bbi yard\u0131m ula\u015ft\u0131r\u0131lmas\u0131 i\u00e7in Bakanl\u0131k ile D\u00fcnya Sa\u011fl\u0131k \u00d6rg\u00fct\u00fc aras\u0131ndaki i\u015fbirli\u011fi &hellip;<\/p>\n","protected":false},"author":1,"featured_media":7624,"comment_status":"closed","ping_status":"closed","sticky":false,"template":"","format":"standard","meta":{"footnotes":""},"categories":[479,478],"tags":[1703],"class_list":["post-7643","post","type-post","status-publish","format-standard","has-post-thumbnail","","category-haberler-yerel","category-yerel","tag-guvenli-olmayan-bolgelere-tibbi-yardim-ulastirma-yontemleri-incelendi"],"_links":{"self":[{"href":"https:\/\/archive.sana.sy\/tr\/index.php?rest_route=\/wp\/v2\/posts\/7643","targetHints":{"allow":["GET"]}}],"collection":[{"href":"https:\/\/archive.sana.sy\/tr\/index.php?rest_route=\/wp\/v2\/posts"}],"about":[{"href":"https:\/\/archive.sana.sy\/tr\/index.php?rest_route=\/wp\/v2\/types\/post"}],"author":[{"embeddable":true,"href":"https:\/\/archive.sana.sy\/tr\/index.php?rest_route=\/wp\/v2\/users\/1"}],"replies":[{"embeddable":true,"href":"https:\/\/archive.sana.sy\/tr\/index.php?rest_route=%2Fwp%2Fv2%2Fcomments&post=7643"}],"version-history":[{"count":0,"href":"https:\/\/archive.sana.sy\/tr\/index.php?rest_route=\/wp\/v2\/posts\/7643\/revisions"}],"wp:featuredmedia":[{"embeddable":true,"href":"https:\/\/archive.sana.sy\/tr\/index.php?rest_route=\/wp\/v2\/media\/7624"}],"wp:attachment":[{"href":"https:\/\/archive.sana.sy\/tr\/index.php?rest_route=%2Fwp%2Fv2%2Fmedia&parent=7643"}],"wp:term":[{"taxonomy":"category","embeddable":true,"href":"https:\/\/archive.sana.sy\/tr\/index.php?rest_route=%2Fwp%2Fv2%2Fcategories&post=7643"},{"taxonomy":"post_tag","embeddable":true,"href":"https:\/\/archive.sana.sy\/tr\/index.php?rest_route=%2Fwp%2Fv2%2Ftags&post=7643"}],"curies":[{"name":"wp","href":"https:\/\/api.w.org\/{rel}","templated":true}]}}