{"id":76447,"date":"2016-06-14T10:39:25","date_gmt":"2016-06-14T07:39:25","guid":{"rendered":"http:\/\/www.sana.sy\/tr\/?p=76447"},"modified":"2016-06-14T14:44:46","modified_gmt":"2016-06-14T11:44:46","slug":"kaynak-luca-bolgesinde-israil-destekli-teroristlerden-badiya-bolgesindeki-tekfirci-teroristlere-cephane-kaciran-teroristlere-kurulan-pusuda-teroristlerle-sicak-temasa-girildigini-belirtti","status":"publish","type":"post","link":"https:\/\/archive.sana.sy\/tr\/?p=76447","title":{"rendered":"Kaynak L\u00fcca B\u00f6lgesinde \u0130srail destekli ter\u00f6ristlerden Badiya B\u00f6lgesindeki tekfirci ter\u00f6ristlere cephane ka\u00e7\u0131ran ter\u00f6ristlere kurulan pusuda ter\u00f6ristlerle s\u0131cak temasa girildi\u011fini belirtti"},"content":{"rendered":"<p>Kaynak L\u00fcca B\u00f6lgesinde \u0130srail destekli ter\u00f6ristlerden Badiya B\u00f6lgesindeki tekfirci ter\u00f6ristlere cephane ka\u00e7\u0131ran ter\u00f6ristlere kurulan pusuda ter\u00f6ristlerle s\u0131cak temasa girildi\u011fini belirtti<\/p>\n","protected":false},"excerpt":{"rendered":"<p>Kaynak L\u00fcca B\u00f6lgesinde \u0130srail destekli ter\u00f6ristlerden Badiya B\u00f6lgesindeki tekfirci ter\u00f6ristlere cephane ka\u00e7\u0131ran ter\u00f6ristlere kurulan pusuda ter\u00f6ristlerle s\u0131cak temasa girildi\u011fini belirtti<\/p>\n","protected":false},"author":1,"featured_media":0,"comment_status":"closed","ping_status":"closed","sticky":false,"template":"","format":"standard","meta":{"footnotes":""},"categories":[17991],"tags":[],"class_list":["post-76447","post","type-post","status-publish","format-standard","","category-son-dakika"],"_links":{"self":[{"href":"https:\/\/archive.sana.sy\/tr\/index.php?rest_route=\/wp\/v2\/posts\/76447","targetHints":{"allow":["GET"]}}],"collection":[{"href":"https:\/\/archive.sana.sy\/tr\/index.php?rest_route=\/wp\/v2\/posts"}],"about":[{"href":"https:\/\/archive.sana.sy\/tr\/index.php?rest_route=\/wp\/v2\/types\/post"}],"author":[{"embeddable":true,"href":"https:\/\/archive.sana.sy\/tr\/index.php?rest_route=\/wp\/v2\/users\/1"}],"replies":[{"embeddable":true,"href":"https:\/\/archive.sana.sy\/tr\/index.php?rest_route=%2Fwp%2Fv2%2Fcomments&post=76447"}],"version-history":[{"count":0,"href":"https:\/\/archive.sana.sy\/tr\/index.php?rest_route=\/wp\/v2\/posts\/76447\/revisions"}],"wp:attachment":[{"href":"https:\/\/archive.sana.sy\/tr\/index.php?rest_route=%2Fwp%2Fv2%2Fmedia&parent=76447"}],"wp:term":[{"taxonomy":"category","embeddable":true,"href":"https:\/\/archive.sana.sy\/tr\/index.php?rest_route=%2Fwp%2Fv2%2Fcategories&post=76447"},{"taxonomy":"post_tag","embeddable":true,"href":"https:\/\/archive.sana.sy\/tr\/index.php?rest_route=%2Fwp%2Fv2%2Ftags&post=76447"}],"curies":[{"name":"wp","href":"https:\/\/api.w.org\/{rel}","templated":true}]}}