{"id":76452,"date":"2016-06-14T14:08:56","date_gmt":"2016-06-14T11:08:56","guid":{"rendered":"http:\/\/www.sana.sy\/tr\/?p=76452"},"modified":"2016-06-14T14:51:24","modified_gmt":"2016-06-14T11:51:24","slug":"yurt-genelinde-terore-son-verme-amacli-ulusal-uzlasma-cabalari-kapsaminda-sam-kirsalinin-kuzeyi-berada-vadisinde-kanun-kacagi-100-kisinin-kanuni-durumlari-yeniden-duzenlenip-serbest-birakildilar","status":"publish","type":"post","link":"https:\/\/archive.sana.sy\/tr\/?p=76452","title":{"rendered":"Yurt genelinde ter\u00f6re son verme ama\u00e7l\u0131 ulusal uzla\u015fma \u00e7abalar\u0131 kapsam\u0131nda \u015eam k\u0131rsal\u0131n\u0131n kuzeyi Berada Vadisinde kanun ka\u00e7a\u011f\u0131 100 ki\u015finin kanuni durumlar\u0131 yeniden d\u00fczenlenip serbest b\u0131rak\u0131ld\u0131lar"},"content":{"rendered":"<p>Yurt genelinde ter\u00f6re son verme ama\u00e7l\u0131 ulusal uzla\u015fma \u00e7abalar\u0131 kapsam\u0131nda \u015eam k\u0131rsal\u0131n\u0131n kuzeyi Berada Vadisinde kanun ka\u00e7a\u011f\u0131 100 ki\u015finin kanuni durumlar\u0131 yeniden d\u00fczenlenip serbest b\u0131rak\u0131ld\u0131lar<\/p>\n","protected":false},"excerpt":{"rendered":"<p>Yurt genelinde ter\u00f6re son verme ama\u00e7l\u0131 ulusal uzla\u015fma \u00e7abalar\u0131 kapsam\u0131nda \u015eam k\u0131rsal\u0131n\u0131n kuzeyi Berada Vadisinde kanun ka\u00e7a\u011f\u0131 100 ki\u015finin kanuni durumlar\u0131 yeniden d\u00fczenlenip serbest b\u0131rak\u0131ld\u0131lar<\/p>\n","protected":false},"author":1,"featured_media":0,"comment_status":"closed","ping_status":"closed","sticky":false,"template":"","format":"standard","meta":{"footnotes":""},"categories":[17991],"tags":[],"class_list":["post-76452","post","type-post","status-publish","format-standard","","category-son-dakika"],"_links":{"self":[{"href":"https:\/\/archive.sana.sy\/tr\/index.php?rest_route=\/wp\/v2\/posts\/76452","targetHints":{"allow":["GET"]}}],"collection":[{"href":"https:\/\/archive.sana.sy\/tr\/index.php?rest_route=\/wp\/v2\/posts"}],"about":[{"href":"https:\/\/archive.sana.sy\/tr\/index.php?rest_route=\/wp\/v2\/types\/post"}],"author":[{"embeddable":true,"href":"https:\/\/archive.sana.sy\/tr\/index.php?rest_route=\/wp\/v2\/users\/1"}],"replies":[{"embeddable":true,"href":"https:\/\/archive.sana.sy\/tr\/index.php?rest_route=%2Fwp%2Fv2%2Fcomments&post=76452"}],"version-history":[{"count":0,"href":"https:\/\/archive.sana.sy\/tr\/index.php?rest_route=\/wp\/v2\/posts\/76452\/revisions"}],"wp:attachment":[{"href":"https:\/\/archive.sana.sy\/tr\/index.php?rest_route=%2Fwp%2Fv2%2Fmedia&parent=76452"}],"wp:term":[{"taxonomy":"category","embeddable":true,"href":"https:\/\/archive.sana.sy\/tr\/index.php?rest_route=%2Fwp%2Fv2%2Fcategories&post=76452"},{"taxonomy":"post_tag","embeddable":true,"href":"https:\/\/archive.sana.sy\/tr\/index.php?rest_route=%2Fwp%2Fv2%2Ftags&post=76452"}],"curies":[{"name":"wp","href":"https:\/\/api.w.org\/{rel}","templated":true}]}}