{"id":76466,"date":"2016-06-14T15:24:44","date_gmt":"2016-06-14T12:24:44","guid":{"rendered":"http:\/\/www.sana.sy\/tr\/?p=76466"},"modified":"2016-06-15T14:41:41","modified_gmt":"2016-06-15T11:41:41","slug":"kan-bagi-bizleri-birlestirir","status":"publish","type":"post","link":"https:\/\/archive.sana.sy\/tr\/?p=76466","title":{"rendered":"Kan Ba\u011f\u0131 Bizleri Birle\u015ftirir (video)"},"content":{"rendered":"<p>\u015eAM \u2013 D\u00fcnya Kan Ba\u011f\u0131\u015f\u0131 G\u00fcn\u00fc m\u00fcnasebetiyle Kan ve T\u0131bbi Sanayi Kurumu bug\u00fcn \u2018kan Ba\u011f\u0131 Bizleri Birle\u015ftirir\u2019 slogan\u0131 alt\u0131nda bir faaliyet d\u00fczenledi.<\/p>\n<p><a href=\"http:\/\/www.sana.sy\/tr\/wp-content\/uploads\/2016\/06\/Kan-ba\u011f\u0131\u015f\u0131-6.jpg\"><img loading=\"lazy\" decoding=\"async\" class=\"alignright wp-image-76470 size-medium\" src=\"http:\/\/www.sana.sy\/tr\/wp-content\/uploads\/2016\/06\/Kan-ba\u011f\u0131\u015f\u0131-6-300x200.jpg\" alt=\"Kan ba\u011f\u0131\u015f\u0131\" width=\"300\" height=\"200\" srcset=\"https:\/\/archive.sana.sy\/tr\/wp-content\/uploads\/2016\/06\/Kan-ba\u011f\u0131\u015f\u0131-6-300x200.jpg 300w, https:\/\/archive.sana.sy\/tr\/wp-content\/uploads\/2016\/06\/Kan-ba\u011f\u0131\u015f\u0131-6-150x100.jpg 150w, https:\/\/archive.sana.sy\/tr\/wp-content\/uploads\/2016\/06\/Kan-ba\u011f\u0131\u015f\u0131-6-768x511.jpg 768w, https:\/\/archive.sana.sy\/tr\/wp-content\/uploads\/2016\/06\/Kan-ba\u011f\u0131\u015f\u0131-6-1024x681.jpg 1024w\" sizes=\"auto, (max-width: 300px) 100vw, 300px\" \/><\/a>Faaliyete kat\u0131lan Savunma Bakan\u0131 Yard\u0131mc\u0131s\u0131 Korgeneral Mahmut Abd\u00fclvehhab el \u015eavva yapt\u0131\u011f\u0131 konu\u015fmada; Kan ve T\u0131bbi Sanayi Kurumunun be\u015f y\u0131ldan fazla s\u00fcredir Suriye ve halk\u0131na y\u00f6nelik yapt\u0131r\u0131mlar g\u00f6lgesinde ulusal deneyim ve olanaklar\u0131yla kriz ve yapt\u0131r\u0131mlar\u0131n olumsuz etkilerine kar\u015f\u0131 m\u00fccadelede \u00fcst\u00fcn bir ba\u015far\u0131 kaydetti\u011fine dikkat \u00e7ekti. Korgeneral \u015eavva kurumun kan ba\u011f\u0131\u015f\u0131 ve bu kan\u0131n muhtelif b\u00f6lge ve kurumlara aktar\u0131lmas\u0131 selametinde oynad\u0131\u011f\u0131 role i\u015faret ederken, t\u0131bbi hizmetlerini kendisinden istenildi\u011fi gibi takdim etmeye devam etmeyi ba\u015fard\u0131\u011f\u0131n\u0131 s\u00f6yledi.<\/p>\n<p>Kurum Genel M\u00fcd\u00fcr\u00fc Dr T\u00fcmgeneral Usame Cemil Ahmet ise konu\u015fmas\u0131nda; Suriye&#8217;nin maruz kald\u0131\u011f\u0131 ter\u00f6r sava\u015f\u0131 ve ekonomik yapt\u0131r\u0131mlar g\u00f6lgesinde kurumun \u00e7al\u0131\u015fmalar\u0131nda kar\u015f\u0131la\u015ft\u0131\u011f\u0131 zorluklara \u0131\u015f\u0131k tuttu. Ahmet ter\u00f6r eylemleri nedeniyle Suriye genelinde toplam 25 kan nakli merkezinden 5 merkezin ter\u00f6r sald\u0131r\u0131lar\u0131 nedeniyle hizmet d\u0131\u015f\u0131 kald\u0131klar\u0131n\u0131 belirtirken, bunun yan\u0131nda Kunaytra, Hama iline tabi Misyaf, \u015eam k\u0131rsal\u0131 Ktayfa ve Nebik b\u00f6lgelerinde birer merkezin a\u00e7\u0131ld\u0131\u011f\u0131n\u0131 s\u00f6yledi.<\/p>\n<p><a href=\"http:\/\/www.sana.sy\/tr\/wp-content\/uploads\/2016\/06\/Kan-ba\u011f\u0131\u015f\u0131-1-1.jpg\"><img loading=\"lazy\" decoding=\"async\" class=\"alignright wp-image-76471 size-medium\" src=\"http:\/\/www.sana.sy\/tr\/wp-content\/uploads\/2016\/06\/Kan-ba\u011f\u0131\u015f\u0131-1-1-300x200.jpg\" alt=\"Kan ba\u011f\u0131\u015f\u0131 1\" width=\"300\" height=\"200\" srcset=\"https:\/\/archive.sana.sy\/tr\/wp-content\/uploads\/2016\/06\/Kan-ba\u011f\u0131\u015f\u0131-1-1-300x200.jpg 300w, https:\/\/archive.sana.sy\/tr\/wp-content\/uploads\/2016\/06\/Kan-ba\u011f\u0131\u015f\u0131-1-1-150x100.jpg 150w, https:\/\/archive.sana.sy\/tr\/wp-content\/uploads\/2016\/06\/Kan-ba\u011f\u0131\u015f\u0131-1-1-768x511.jpg 768w, https:\/\/archive.sana.sy\/tr\/wp-content\/uploads\/2016\/06\/Kan-ba\u011f\u0131\u015f\u0131-1-1-1024x681.jpg 1024w\" sizes=\"auto, (max-width: 300px) 100vw, 300px\" \/><\/a>D\u00fcnya Sa\u011fl\u0131k \u00d6rg\u00fct\u00fcn\u00fcn Suriye temsilcisi Vail \u0130smail ise Suriye&#8217;de sa\u011fl\u0131k kurumlar\u0131n\u0131n vatanda\u015flara verilen hizmetin nitelik ve nicelik a\u00e7\u0131s\u0131ndan korunup peki\u015ftirilmesinde harcad\u0131klar\u0131 \u00e7aban\u0131n takdire \u015fayan oldu\u011funu belirtti.<\/p>\n<p>Faaliyet kapsam\u0131nda Savunma Bakan\u0131 Yard\u0131mc\u0131s\u0131 Korgeneral \u015eavva kurum b\u00f6l\u00fcmlerinde saha incelemelerinde bulunarak \u00e7al\u0131\u015fanlar\u0131n g\u00f6r\u00fc\u015f ve d\u00fc\u015f\u00fcncelerini dinledi.<\/p>\n<p>Faaliyetin bitiminde savunma ve sa\u011fl\u0131k bakanlar\u0131n\u0131n yan\u0131 s\u0131ra savunma bakan\u0131 yard\u0131mc\u0131s\u0131, D\u00fcnya Sa\u011fl\u0131k \u00d6rg\u00fct\u00fcn\u00fcn b\u00f6lge m\u00fcd\u00fcr\u00fc, Suriye K\u0131z\u0131lay \u00d6rg\u00fct\u00fc ba\u015fkan\u0131, kan ba\u011f\u0131\u015f\u0131nda bulunan bir k\u0131s\u0131m vatanda\u015flar ve kuruma tabi merkezlerde \u00e7al\u0131\u015fan bir k\u0131s\u0131m personellere onur plaketleri da\u011f\u0131t\u0131ld\u0131.<\/p>\n<div id='gallery-1' class='gallery galleryid-76466 gallery-columns-2 gallery-size-medium'><figure class='gallery-item'>\n\t\t\t<div class='gallery-icon landscape'>\n\t\t\t\t<a href='https:\/\/archive.sana.sy\/tr\/wp-content\/uploads\/2016\/06\/Kan-ba\u011f\u0131\u015f\u0131-6-1.jpg'><img loading=\"lazy\" decoding=\"async\" width=\"300\" height=\"200\" src=\"https:\/\/archive.sana.sy\/tr\/wp-content\/uploads\/2016\/06\/Kan-ba\u011f\u0131\u015f\u0131-6-1-300x200.jpg\" class=\"attachment-medium size-medium\" alt=\"\" srcset=\"https:\/\/archive.sana.sy\/tr\/wp-content\/uploads\/2016\/06\/Kan-ba\u011f\u0131\u015f\u0131-6-1-300x200.jpg 300w, https:\/\/archive.sana.sy\/tr\/wp-content\/uploads\/2016\/06\/Kan-ba\u011f\u0131\u015f\u0131-6-1-150x100.jpg 150w, https:\/\/archive.sana.sy\/tr\/wp-content\/uploads\/2016\/06\/Kan-ba\u011f\u0131\u015f\u0131-6-1-768x511.jpg 768w, https:\/\/archive.sana.sy\/tr\/wp-content\/uploads\/2016\/06\/Kan-ba\u011f\u0131\u015f\u0131-6-1-1024x681.jpg 1024w\" sizes=\"auto, (max-width: 300px) 100vw, 300px\" \/><\/a>\n\t\t\t<\/div><\/figure><figure class='gallery-item'>\n\t\t\t<div class='gallery-icon landscape'>\n\t\t\t\t<a href='https:\/\/archive.sana.sy\/tr\/wp-content\/uploads\/2016\/06\/Kan-ba\u011f\u0131\u015f\u0131-2-1.jpg'><img loading=\"lazy\" decoding=\"async\" width=\"300\" height=\"192\" src=\"https:\/\/archive.sana.sy\/tr\/wp-content\/uploads\/2016\/06\/Kan-ba\u011f\u0131\u015f\u0131-2-1-300x192.jpg\" class=\"attachment-medium size-medium\" alt=\"\" srcset=\"https:\/\/archive.sana.sy\/tr\/wp-content\/uploads\/2016\/06\/Kan-ba\u011f\u0131\u015f\u0131-2-1-300x192.jpg 300w, https:\/\/archive.sana.sy\/tr\/wp-content\/uploads\/2016\/06\/Kan-ba\u011f\u0131\u015f\u0131-2-1-150x96.jpg 150w, https:\/\/archive.sana.sy\/tr\/wp-content\/uploads\/2016\/06\/Kan-ba\u011f\u0131\u015f\u0131-2-1-768x492.jpg 768w, https:\/\/archive.sana.sy\/tr\/wp-content\/uploads\/2016\/06\/Kan-ba\u011f\u0131\u015f\u0131-2-1-1024x655.jpg 1024w\" sizes=\"auto, (max-width: 300px) 100vw, 300px\" \/><\/a>\n\t\t\t<\/div><\/figure><figure class='gallery-item'>\n\t\t\t<div class='gallery-icon landscape'>\n\t\t\t\t<a href='https:\/\/archive.sana.sy\/tr\/wp-content\/uploads\/2016\/06\/Kan-ba\u011f\u0131\u015f\u0131-3-1.jpg'><img loading=\"lazy\" decoding=\"async\" width=\"300\" height=\"187\" src=\"https:\/\/archive.sana.sy\/tr\/wp-content\/uploads\/2016\/06\/Kan-ba\u011f\u0131\u015f\u0131-3-1-300x187.jpg\" class=\"attachment-medium size-medium\" alt=\"\" srcset=\"https:\/\/archive.sana.sy\/tr\/wp-content\/uploads\/2016\/06\/Kan-ba\u011f\u0131\u015f\u0131-3-1-300x187.jpg 300w, https:\/\/archive.sana.sy\/tr\/wp-content\/uploads\/2016\/06\/Kan-ba\u011f\u0131\u015f\u0131-3-1-150x93.jpg 150w, https:\/\/archive.sana.sy\/tr\/wp-content\/uploads\/2016\/06\/Kan-ba\u011f\u0131\u015f\u0131-3-1-768x478.jpg 768w, https:\/\/archive.sana.sy\/tr\/wp-content\/uploads\/2016\/06\/Kan-ba\u011f\u0131\u015f\u0131-3-1-1024x638.jpg 1024w\" sizes=\"auto, (max-width: 300px) 100vw, 300px\" \/><\/a>\n\t\t\t<\/div><\/figure><figure class='gallery-item'>\n\t\t\t<div class='gallery-icon landscape'>\n\t\t\t\t<a href='https:\/\/archive.sana.sy\/tr\/wp-content\/uploads\/2016\/06\/Kan-ba\u011f\u0131\u015f\u0131-5-1.jpg'><img loading=\"lazy\" decoding=\"async\" width=\"300\" height=\"187\" src=\"https:\/\/archive.sana.sy\/tr\/wp-content\/uploads\/2016\/06\/Kan-ba\u011f\u0131\u015f\u0131-5-1-300x187.jpg\" class=\"attachment-medium size-medium\" alt=\"\" srcset=\"https:\/\/archive.sana.sy\/tr\/wp-content\/uploads\/2016\/06\/Kan-ba\u011f\u0131\u015f\u0131-5-1-300x187.jpg 300w, https:\/\/archive.sana.sy\/tr\/wp-content\/uploads\/2016\/06\/Kan-ba\u011f\u0131\u015f\u0131-5-1-150x94.jpg 150w, https:\/\/archive.sana.sy\/tr\/wp-content\/uploads\/2016\/06\/Kan-ba\u011f\u0131\u015f\u0131-5-1-768x479.jpg 768w, https:\/\/archive.sana.sy\/tr\/wp-content\/uploads\/2016\/06\/Kan-ba\u011f\u0131\u015f\u0131-5-1-1024x639.jpg 1024w\" sizes=\"auto, (max-width: 300px) 100vw, 300px\" \/><\/a>\n\t\t\t<\/div><\/figure>\n\t\t<\/div>\n\n<p>https:\/\/www.youtube.com\/watch?v=ajRyDC8ueSI<\/p>\n","protected":false},"excerpt":{"rendered":"<p>\u015eAM \u2013 D\u00fcnya Kan Ba\u011f\u0131\u015f\u0131 G\u00fcn\u00fc m\u00fcnasebetiyle Kan ve T\u0131bbi Sanayi Kurumu bug\u00fcn \u2018kan Ba\u011f\u0131 Bizleri Birle\u015ftirir\u2019 slogan\u0131 alt\u0131nda bir faaliyet d\u00fczenledi. Faaliyete kat\u0131lan Savunma Bakan\u0131 Yard\u0131mc\u0131s\u0131 Korgeneral Mahmut Abd\u00fclvehhab el \u015eavva yapt\u0131\u011f\u0131 konu\u015fmada; Kan ve T\u0131bbi Sanayi Kurumunun be\u015f y\u0131ldan fazla s\u00fcredir Suriye ve halk\u0131na y\u00f6nelik yapt\u0131r\u0131mlar g\u00f6lgesinde ulusal deneyim ve olanaklar\u0131yla kriz ve &hellip;<\/p>\n","protected":false},"author":1,"featured_media":76467,"comment_status":"closed","ping_status":"closed","sticky":false,"template":"","format":"standard","meta":{"footnotes":""},"categories":[479,17988,478],"tags":[21763,21764],"class_list":["post-76466","post","type-post","status-publish","format-standard","has-post-thumbnail","","category-haberler-yerel","category-son-haberler","category-yerel","tag-kan-bagi-bizleri-birlestirir","tag-sam-dunya-kan-bagisi-gunu-munasebetiyle-kan-ve-tibbi-sanayi-kurumu-bugun-kan-bagi-bizleri-birlestirir-slogani-altinda-bir-faaliyet-duzenledi"],"_links":{"self":[{"href":"https:\/\/archive.sana.sy\/tr\/index.php?rest_route=\/wp\/v2\/posts\/76466","targetHints":{"allow":["GET"]}}],"collection":[{"href":"https:\/\/archive.sana.sy\/tr\/index.php?rest_route=\/wp\/v2\/posts"}],"about":[{"href":"https:\/\/archive.sana.sy\/tr\/index.php?rest_route=\/wp\/v2\/types\/post"}],"author":[{"embeddable":true,"href":"https:\/\/archive.sana.sy\/tr\/index.php?rest_route=\/wp\/v2\/users\/1"}],"replies":[{"embeddable":true,"href":"https:\/\/archive.sana.sy\/tr\/index.php?rest_route=%2Fwp%2Fv2%2Fcomments&post=76466"}],"version-history":[{"count":0,"href":"https:\/\/archive.sana.sy\/tr\/index.php?rest_route=\/wp\/v2\/posts\/76466\/revisions"}],"wp:featuredmedia":[{"embeddable":true,"href":"https:\/\/archive.sana.sy\/tr\/index.php?rest_route=\/wp\/v2\/media\/76467"}],"wp:attachment":[{"href":"https:\/\/archive.sana.sy\/tr\/index.php?rest_route=%2Fwp%2Fv2%2Fmedia&parent=76466"}],"wp:term":[{"taxonomy":"category","embeddable":true,"href":"https:\/\/archive.sana.sy\/tr\/index.php?rest_route=%2Fwp%2Fv2%2Fcategories&post=76466"},{"taxonomy":"post_tag","embeddable":true,"href":"https:\/\/archive.sana.sy\/tr\/index.php?rest_route=%2Fwp%2Fv2%2Ftags&post=76466"}],"curies":[{"name":"wp","href":"https:\/\/api.w.org\/{rel}","templated":true}]}}