{"id":7647,"date":"2014-08-18T23:40:38","date_gmt":"2014-08-18T20:40:38","guid":{"rendered":"http:\/\/www.sana.sy\/tr\/?p=7647"},"modified":"2014-08-19T20:02:23","modified_gmt":"2014-08-19T17:02:23","slug":"golanli-yurttaslarimiz-anavatan-ordusuna-desteklerini-vurguladi","status":"publish","type":"post","link":"https:\/\/archive.sana.sy\/tr\/?p=7647","title":{"rendered":"Golanl\u0131 Yurtta\u015flar\u0131m\u0131z Anavatan Ordusuna Desteklerini Vurgulad\u0131"},"content":{"rendered":"<p>GOLAN \u2013 \u0130srail i\u015fgali alt\u0131ndaki Golan topraklar\u0131nda ya\u015fayan yurtta\u015flar\u0131m\u0131z bug\u00fcn ak\u015fam\u00fczeri anavatanlar\u0131 Suriye ordusu ile dayan\u0131\u015fmalar\u0131n\u0131 vurgulayan ve \u2018Irak ve \u015eam \u0130slami Devleti I\u015e\u0130D\u2019 \u00f6rg\u00fct\u00fcn\u00fcn Suriyelilere kar\u015f\u0131 katliamlar\u0131n\u0131 k\u0131nayan bir eylem d\u00fczenlediler.<\/p>\n<p>Golan topraklar\u0131n\u0131n Mecdel \u015eems Beldesindeki Sultan el Atra\u015f Meydan\u0131nda d\u00fczenlenen eylem, \u015fehitler ad\u0131na bir dakikal\u0131k sayg\u0131 duru\u015fu ard\u0131ndan Suriye ulusal mar\u015f\u0131 ile ba\u015flad\u0131.<\/p>\n<p>Ard\u0131ndan yap\u0131lan konu\u015fmalarda Suriue ordusunun \u00e7okuluslu ter\u00f6r \u00e7etelerine kar\u015f\u0131 kahramanl\u0131klar\u0131 \u00f6v\u00fcl\u00fcrken; Suriye ve halk\u0131n\u0131n ter\u00f6re kar\u015f\u0131 m\u00fccadelede d\u00fcnyaya \u00f6rnek te\u015fkil ettikleri ifade edildi.<\/p>\n<p>Golanl\u0131 yurtta\u015flar\u0131m\u0131z \u0130srail&#8217;in dayatma ve bask\u0131lar\u0131na kar\u015f\u0131 vatana vefa ve ba\u011fl\u0131l\u0131klar\u0131ndan caymalar\u0131n\u0131n m\u00fcmk\u00fcn olmad\u0131\u011f\u0131n\u0131, Suriye&#8217;nin onurlu ve egemen ilkeleriyle gurur duyduklar\u0131n\u0131 ifade ettiler.<\/p>\n<div id='gallery-1' class='gallery galleryid-7647 gallery-columns-2 gallery-size-thumbnail'><figure class='gallery-item'>\n\t\t\t<div class='gallery-icon landscape'>\n\t\t\t\t<a href='https:\/\/archive.sana.sy\/tr\/wp-content\/uploads\/2014\/08\/golan-2.jpg'><img loading=\"lazy\" decoding=\"async\" width=\"150\" height=\"85\" src=\"https:\/\/archive.sana.sy\/tr\/wp-content\/uploads\/2014\/08\/golan-2-150x85.jpg\" class=\"attachment-thumbnail size-thumbnail\" alt=\"\" srcset=\"https:\/\/archive.sana.sy\/tr\/wp-content\/uploads\/2014\/08\/golan-2-150x85.jpg 150w, https:\/\/archive.sana.sy\/tr\/wp-content\/uploads\/2014\/08\/golan-2-300x170.jpg 300w, https:\/\/archive.sana.sy\/tr\/wp-content\/uploads\/2014\/08\/golan-2.jpg 579w\" sizes=\"auto, (max-width: 150px) 100vw, 150px\" \/><\/a>\n\t\t\t<\/div><\/figure><figure class='gallery-item'>\n\t\t\t<div class='gallery-icon landscape'>\n\t\t\t\t<a href='https:\/\/archive.sana.sy\/tr\/wp-content\/uploads\/2014\/08\/golan-3.jpg'><img loading=\"lazy\" decoding=\"async\" width=\"150\" height=\"87\" src=\"https:\/\/archive.sana.sy\/tr\/wp-content\/uploads\/2014\/08\/golan-3-150x87.jpg\" class=\"attachment-thumbnail size-thumbnail\" alt=\"\" srcset=\"https:\/\/archive.sana.sy\/tr\/wp-content\/uploads\/2014\/08\/golan-3-150x87.jpg 150w, https:\/\/archive.sana.sy\/tr\/wp-content\/uploads\/2014\/08\/golan-3-300x175.jpg 300w, https:\/\/archive.sana.sy\/tr\/wp-content\/uploads\/2014\/08\/golan-3.jpg 598w\" sizes=\"auto, (max-width: 150px) 100vw, 150px\" \/><\/a>\n\t\t\t<\/div><\/figure>\n\t\t<\/div>\n\n","protected":false},"excerpt":{"rendered":"<p>GOLAN \u2013 \u0130srail i\u015fgali alt\u0131ndaki Golan topraklar\u0131nda ya\u015fayan yurtta\u015flar\u0131m\u0131z bug\u00fcn ak\u015fam\u00fczeri anavatanlar\u0131 Suriye ordusu ile dayan\u0131\u015fmalar\u0131n\u0131 vurgulayan ve \u2018Irak ve \u015eam \u0130slami Devleti I\u015e\u0130D\u2019 \u00f6rg\u00fct\u00fcn\u00fcn Suriyelilere kar\u015f\u0131 katliamlar\u0131n\u0131 k\u0131nayan bir eylem d\u00fczenlediler. Golan topraklar\u0131n\u0131n Mecdel \u015eems Beldesindeki Sultan el Atra\u015f Meydan\u0131nda d\u00fczenlenen eylem, \u015fehitler ad\u0131na bir dakikal\u0131k sayg\u0131 duru\u015fu ard\u0131ndan Suriye ulusal mar\u015f\u0131 ile ba\u015flad\u0131. &hellip;<\/p>\n","protected":false},"author":1,"featured_media":7649,"comment_status":"closed","ping_status":"closed","sticky":false,"template":"","format":"standard","meta":{"footnotes":""},"categories":[596,479,478],"tags":[1705],"class_list":["post-7647","post","type-post","status-publish","format-standard","has-post-thumbnail","","category-fotografli-raporlar","category-haberler-yerel","category-yerel","tag-golanli-yurttaslarimiz-anavatan-ordusuna-desteklerini-vurguladi"],"_links":{"self":[{"href":"https:\/\/archive.sana.sy\/tr\/index.php?rest_route=\/wp\/v2\/posts\/7647","targetHints":{"allow":["GET"]}}],"collection":[{"href":"https:\/\/archive.sana.sy\/tr\/index.php?rest_route=\/wp\/v2\/posts"}],"about":[{"href":"https:\/\/archive.sana.sy\/tr\/index.php?rest_route=\/wp\/v2\/types\/post"}],"author":[{"embeddable":true,"href":"https:\/\/archive.sana.sy\/tr\/index.php?rest_route=\/wp\/v2\/users\/1"}],"replies":[{"embeddable":true,"href":"https:\/\/archive.sana.sy\/tr\/index.php?rest_route=%2Fwp%2Fv2%2Fcomments&post=7647"}],"version-history":[{"count":0,"href":"https:\/\/archive.sana.sy\/tr\/index.php?rest_route=\/wp\/v2\/posts\/7647\/revisions"}],"wp:featuredmedia":[{"embeddable":true,"href":"https:\/\/archive.sana.sy\/tr\/index.php?rest_route=\/wp\/v2\/media\/7649"}],"wp:attachment":[{"href":"https:\/\/archive.sana.sy\/tr\/index.php?rest_route=%2Fwp%2Fv2%2Fmedia&parent=7647"}],"wp:term":[{"taxonomy":"category","embeddable":true,"href":"https:\/\/archive.sana.sy\/tr\/index.php?rest_route=%2Fwp%2Fv2%2Fcategories&post=7647"},{"taxonomy":"post_tag","embeddable":true,"href":"https:\/\/archive.sana.sy\/tr\/index.php?rest_route=%2Fwp%2Fv2%2Ftags&post=7647"}],"curies":[{"name":"wp","href":"https:\/\/api.w.org\/{rel}","templated":true}]}}