{"id":76475,"date":"2016-06-14T15:30:51","date_gmt":"2016-06-14T12:30:51","guid":{"rendered":"http:\/\/www.sana.sy\/tr\/?p=76475"},"modified":"2016-06-14T15:32:33","modified_gmt":"2016-06-14T12:32:33","slug":"sam-universitesi-mimarlik-fakultesinde-cumhurbaskani-yardimcisi-necah-el-attarin-katilimiyla-kurtarilmasindan-sonra-palmira-vizyon-slogani-altinda-sergi-acildi","status":"publish","type":"post","link":"https:\/\/archive.sana.sy\/tr\/?p=76475","title":{"rendered":"\u015eam \u00dcniversitesi Mimarl\u0131k Fak\u00fcltesinde Cumhurba\u015fkan\u0131 Yard\u0131mc\u0131s\u0131 Necah el Attar\u2019\u0131n kat\u0131l\u0131m\u0131yla \u2018Kurtar\u0131lmas\u0131ndan Sonra Palmira\u2026 Vizyon\u2019 slogan\u0131 alt\u0131nda sergi a\u00e7\u0131ld\u0131"},"content":{"rendered":"<p>\u015eam \u00dcniversitesi Mimarl\u0131k Fak\u00fcltesinde Cumhurba\u015fkan\u0131 Yard\u0131mc\u0131s\u0131 Necah el Attar\u2019\u0131n kat\u0131l\u0131m\u0131yla \u2018Kurtar\u0131lmas\u0131ndan Sonra Palmira\u2026 Vizyon\u2019 slogan\u0131 alt\u0131nda sergi a\u00e7\u0131ld\u0131<\/p>\n<p>https:\/\/www.youtube.com\/watch?v=Gs9X2O5c_i4<\/p>\n","protected":false},"excerpt":{"rendered":"<p>\u015eam \u00dcniversitesi Mimarl\u0131k Fak\u00fcltesinde Cumhurba\u015fkan\u0131 Yard\u0131mc\u0131s\u0131 Necah el Attar\u2019\u0131n kat\u0131l\u0131m\u0131yla \u2018Kurtar\u0131lmas\u0131ndan Sonra Palmira\u2026 Vizyon\u2019 slogan\u0131 alt\u0131nda sergi a\u00e7\u0131ld\u0131 https:\/\/www.youtube.com\/watch?v=Gs9X2O5c_i4<\/p>\n","protected":false},"author":1,"featured_media":76419,"comment_status":"closed","ping_status":"closed","sticky":false,"template":"","format":"standard","meta":{"footnotes":""},"categories":[18295],"tags":[],"class_list":["post-76475","post","type-post","status-publish","format-standard","has-post-thumbnail","","category-sana-video"],"_links":{"self":[{"href":"https:\/\/archive.sana.sy\/tr\/index.php?rest_route=\/wp\/v2\/posts\/76475","targetHints":{"allow":["GET"]}}],"collection":[{"href":"https:\/\/archive.sana.sy\/tr\/index.php?rest_route=\/wp\/v2\/posts"}],"about":[{"href":"https:\/\/archive.sana.sy\/tr\/index.php?rest_route=\/wp\/v2\/types\/post"}],"author":[{"embeddable":true,"href":"https:\/\/archive.sana.sy\/tr\/index.php?rest_route=\/wp\/v2\/users\/1"}],"replies":[{"embeddable":true,"href":"https:\/\/archive.sana.sy\/tr\/index.php?rest_route=%2Fwp%2Fv2%2Fcomments&post=76475"}],"version-history":[{"count":0,"href":"https:\/\/archive.sana.sy\/tr\/index.php?rest_route=\/wp\/v2\/posts\/76475\/revisions"}],"wp:featuredmedia":[{"embeddable":true,"href":"https:\/\/archive.sana.sy\/tr\/index.php?rest_route=\/wp\/v2\/media\/76419"}],"wp:attachment":[{"href":"https:\/\/archive.sana.sy\/tr\/index.php?rest_route=%2Fwp%2Fv2%2Fmedia&parent=76475"}],"wp:term":[{"taxonomy":"category","embeddable":true,"href":"https:\/\/archive.sana.sy\/tr\/index.php?rest_route=%2Fwp%2Fv2%2Fcategories&post=76475"},{"taxonomy":"post_tag","embeddable":true,"href":"https:\/\/archive.sana.sy\/tr\/index.php?rest_route=%2Fwp%2Fv2%2Ftags&post=76475"}],"curies":[{"name":"wp","href":"https:\/\/api.w.org\/{rel}","templated":true}]}}